{"id":134198,"date":"2022-09-27T06:42:33","date_gmt":"2022-09-27T09:42:33","guid":{"rendered":"https:\/\/senoticias.com.br\/se\/?p=134198"},"modified":"2022-09-27T06:45:30","modified_gmt":"2022-09-27T09:45:30","slug":"delegado-fala-sobre-o-alerta-de-golpe-feito-por-alessandro-vieira-acerca-da-candidatura-de-valmir-de-francisquinho","status":"publish","type":"post","link":"https:\/\/senoticias.com.br\/se\/delegado-fala-sobre-o-alerta-de-golpe-feito-por-alessandro-vieira-acerca-da-candidatura-de-valmir-de-francisquinho\/","title":{"rendered":"Delegado fala sobre o alerta de golpe feito por Alessandro Vieira acerca da candidatura de Valmir de Francisquinho"},"content":{"rendered":"\n<p><\/p>\n\n\n\n<p><em>*Por Paulo Marcio<\/em><\/p>\n\n\n\n<p>Essa tese estapaf\u00fardia foi ventilada pela primeira vez pelo candidato Alessandro Vieira no debate promovido pela Fan FM. A interven\u00e7\u00e3o a que se refere o senador, caso tenha ocorrido, teve como prop\u00f3sito fulminar a candidatura de Valmir de Francisquinho no nascedouro, for\u00e7ando-o a desistir do pleito e, por conseguinte, tornando mais f\u00e1cil, em tese, a vit\u00f3ria do candidato oficial.<\/p>\n\n\n\n<figure class=\"wp-block-image size-large\"><img loading=\"lazy\" decoding=\"async\" width=\"594\" height=\"892\" src=\"https:\/\/senoticias.com.br\/se\/wp-content\/uploads\/2015\/01\/DSC_1695.jpg\" alt=\"\" class=\"wp-image-74522\" srcset=\"https:\/\/senoticias.com.br\/se\/wp-content\/uploads\/2015\/01\/DSC_1695.jpg 594w, https:\/\/senoticias.com.br\/se\/wp-content\/uploads\/2015\/01\/DSC_1695-199x300.jpg 199w, https:\/\/senoticias.com.br\/se\/wp-content\/uploads\/2015\/01\/DSC_1695-342x513.jpg 342w, https:\/\/senoticias.com.br\/se\/wp-content\/uploads\/2015\/01\/DSC_1695-300x450.jpg 300w\" sizes=\"(max-width: 594px) 100vw, 594px\" \/><figcaption>Segundo Paulo M\u00e1rcio, a candidatura do Pato, como \u00e9 leg\u00edtima do ponto de vista jur\u00eddico<br>  Foto: arquivo\/SE Not\u00edcias<\/figcaption><\/figure>\n\n\n\n<p>Acontece que a manuten\u00e7\u00e3o da candidatura do Pato, como \u00e9 carinhosamente chamado o ex-prefeito serrano, n\u00e3o s\u00f3 \u00e9 leg\u00edtima do ponto de vista jur\u00eddico, como atende a um apelo popular sem precedentes na hist\u00f3ria pol\u00edtica de Sergipe. Suscitar a todo o instante uma suposta inelegibilidade de Valmir, quando a pr\u00f3pria justi\u00e7a eleitoral autoriza sua candidatura sem quaisquer ressalvas, \u00e9, no m\u00ednimo, uma falta de respeito ao eleitor, al\u00e9m de constituir reprov\u00e1vel agress\u00e3o \u00e0 democracia.<\/p>\n\n\n\n<p>Tal conduta, caracter\u00edstica dos poderosos que querem submeter os interesses do povo aos seus ditames, deve ser reprovada com total veem\u00eancia n\u00e3o s\u00f3 pelos partid\u00e1rios de Valmir, mas por todos aqueles que defendem a m\u00ednima, necess\u00e1ria, arrazoada e leg\u00edtima interven\u00e7\u00e3o do aparato estatal nas quest\u00f5es atinentes \u00e0 democracia em geral e \u00e0s elei\u00e7\u00f5es livres em particular.<\/p>\n\n\n\n<p><strong><em>Acompanhe tamb\u00e9m o SE Not\u00edcias no\u00a0<a rel=\"noreferrer noopener\" href=\"https:\/\/twitter.com\/Senoticias\" target=\"_blank\">Twitter<\/a>,\u00a0<a rel=\"noreferrer noopener\" href=\"https:\/\/www.facebook.com\/senoticias1\" target=\"_blank\">Facebook<\/a>\u00a0e no\u00a0<a rel=\"noreferrer noopener\" href=\"https:\/\/www.instagram.com\/senoticias\/\" target=\"_blank\">Instagram<\/a><\/em><\/strong><\/p>\n\n\n\n<p>*Delegado Paulo M\u00e1rcio \u2013 Ex-candidato a prefeito de Aracaju<\/p>\n","protected":false},"excerpt":{"rendered":"<p>*Por Paulo Marcio Essa tese estapaf\u00fardia foi ventilada pela primeira vez pelo candidato Alessandro Vieira no debate promovido pela Fan FM. A interven\u00e7\u00e3o a que se refere o senador, caso tenha ocorrido, teve como prop\u00f3sito fulminar a candidatura de Valmir de Francisquinho no nascedouro, for\u00e7ando-o a desistir do pleito e, por conseguinte, tornando mais f\u00e1cil, [&hellip;]<\/p>\n","protected":false},"author":6557,"featured_media":0,"comment_status":"closed","ping_status":"closed","sticky":false,"template":"","format":"standard","meta":{"footnotes":""},"categories":[15,6,1],"tags":[37344,2946,10355],"class_list":{"0":"post-134198","1":"post","2":"type-post","3":"status-publish","4":"format-standard","6":"category-destaques","7":"category-politica","8":"category-sem-categoria","9":"tag-alerta-de-golpe","10":"tag-alessandro-vieira","11":"tag-delegado-paulo-marcio"},"_links":{"self":[{"href":"https:\/\/senoticias.com.br\/se\/wp-json\/wp\/v2\/posts\/134198"}],"collection":[{"href":"https:\/\/senoticias.com.br\/se\/wp-json\/wp\/v2\/posts"}],"about":[{"href":"https:\/\/senoticias.com.br\/se\/wp-json\/wp\/v2\/types\/post"}],"author":[{"embeddable":true,"href":"https:\/\/senoticias.com.br\/se\/wp-json\/wp\/v2\/users\/6557"}],"replies":[{"embeddable":true,"href":"https:\/\/senoticias.com.br\/se\/wp-json\/wp\/v2\/comments?post=134198"}],"version-history":[{"count":0,"href":"https:\/\/senoticias.com.br\/se\/wp-json\/wp\/v2\/posts\/134198\/revisions"}],"wp:attachment":[{"href":"https:\/\/senoticias.com.br\/se\/wp-json\/wp\/v2\/media?parent=134198"}],"wp:term":[{"taxonomy":"category","embeddable":true,"href":"https:\/\/senoticias.com.br\/se\/wp-json\/wp\/v2\/categories?post=134198"},{"taxonomy":"post_tag","embeddable":true,"href":"https:\/\/senoticias.com.br\/se\/wp-json\/wp\/v2\/tags?post=134198"}],"curies":[{"name":"wp","href":"https:\/\/api.w.org\/{rel}","templated":true}]}}