{"id":134166,"date":"2022-09-22T15:14:21","date_gmt":"2022-09-22T18:14:21","guid":{"rendered":"https:\/\/senoticias.com.br\/se\/?p=134166"},"modified":"2022-09-22T15:22:23","modified_gmt":"2022-09-22T18:22:23","slug":"homem-e-morto-com-golpes-de-foice-apos-agredir-companheira-em-divina-pastora","status":"publish","type":"post","link":"https:\/\/senoticias.com.br\/se\/homem-e-morto-com-golpes-de-foice-apos-agredir-companheira-em-divina-pastora\/","title":{"rendered":"Homem \u00e9 morto com golpes de foice ap\u00f3s agredir companheira em Divina Pastora"},"content":{"rendered":"\n<p><\/p>\n\n\n\n<p>Um homem, de 31 anos, foi morto com golpes de foice e espancamento ap\u00f3s agredir a pr\u00f3pria companheira gr\u00e1vida no Povoado Mani\u00e7oba, em Divina Pastora, na noite desta quarta-feira (21). A informa\u00e7\u00e3o foi confirmada pela Pol\u00edcia Militar.<\/p>\n\n\n\n<figure class=\"wp-block-image size-large\"><img loading=\"lazy\" decoding=\"async\" width=\"599\" height=\"399\" src=\"https:\/\/senoticias.com.br\/se\/wp-content\/uploads\/2017\/12\/iml-SENOTICIAS.jpeg\" alt=\"\" class=\"wp-image-108951\" srcset=\"https:\/\/senoticias.com.br\/se\/wp-content\/uploads\/2017\/12\/iml-SENOTICIAS.jpeg 599w, https:\/\/senoticias.com.br\/se\/wp-content\/uploads\/2017\/12\/iml-SENOTICIAS-300x200.jpeg 300w, https:\/\/senoticias.com.br\/se\/wp-content\/uploads\/2017\/12\/iml-SENOTICIAS-90x60.jpeg 90w, https:\/\/senoticias.com.br\/se\/wp-content\/uploads\/2017\/12\/iml-SENOTICIAS-180x120.jpeg 180w, https:\/\/senoticias.com.br\/se\/wp-content\/uploads\/2017\/12\/iml-SENOTICIAS-95x64.jpeg 95w\" sizes=\"(max-width: 599px) 100vw, 599px\" \/><figcaption> Segundo informa\u00e7\u00f5es, os suspeitos do crime s\u00e3o dois irm\u00e3os da mulher dele, que sofria viol\u00eancia dom\u00e9stica &#8211; Foto:  arquivo\/M\u00e1rcio Garcez<\/figcaption><\/figure>\n\n\n\n<p>Segundo informa\u00e7\u00f5es, os suspeitos do crime s\u00e3o dois irm\u00e3os da mulher dele, que sofria viol\u00eancia dom\u00e9stica. Na ocasi\u00e3o, eles tomaram conhecimento das agress\u00f5es e entraram em luta corporal, assassinando a v\u00edtima. Os homens fugiram do local e continuam foragido.<\/p>\n\n\n\n<p>O Servi\u00e7o de Atendimento M\u00f3vel de Urg\u00eancia (Samu) foi acionado para prestar socorro, mas constatou o \u00f3bito. O corpo foi recolhido pelo Instituto M\u00e9dico Legal. Informa\u00e7\u00f5es relacionadas ao caso podem ser repassadas atrav\u00e9s do Disque-Den\u00fancia.<\/p>\n\n\n\n<p><strong><em>Acompanhe tamb\u00e9m o SE Not\u00edcias no\u00a0<a rel=\"noreferrer noopener\" href=\"https:\/\/twitter.com\/Senoticias\" target=\"_blank\">Twitter<\/a>,\u00a0<a rel=\"noreferrer noopener\" href=\"https:\/\/www.facebook.com\/senoticias1\" target=\"_blank\">Facebook<\/a>\u00a0e no\u00a0<a rel=\"noreferrer noopener\" href=\"https:\/\/www.instagram.com\/senoticias\/\" target=\"_blank\">Instagram<\/a><\/em><\/strong><\/p>\n\n\n\n<p>Fonte: A8SE.com.br<\/p>\n\n\n\n<p><\/p>\n","protected":false},"excerpt":{"rendered":"<p>Um homem, de 31 anos, foi morto com golpes de foice e espancamento ap\u00f3s agredir a pr\u00f3pria companheira gr\u00e1vida no Povoado Mani\u00e7oba, em Divina Pastora, na noite desta quarta-feira (21). A informa\u00e7\u00e3o foi confirmada pela Pol\u00edcia Militar. Segundo informa\u00e7\u00f5es, os suspeitos do crime s\u00e3o dois irm\u00e3os da mulher dele, que sofria viol\u00eancia dom\u00e9stica. Na ocasi\u00e3o, [&hellip;]<\/p>\n","protected":false},"author":6557,"featured_media":0,"comment_status":"closed","ping_status":"closed","sticky":false,"template":"","format":"standard","meta":{"footnotes":""},"categories":[15,7],"tags":[965,5868,13495,37334],"class_list":{"0":"post-134166","1":"post","2":"type-post","3":"status-publish","4":"format-standard","6":"category-destaques","7":"category-policia","8":"tag-divina-pastora","9":"tag-golpes-de-foice","10":"tag-homem-morto","11":"tag-povoado-manicoba"},"_links":{"self":[{"href":"https:\/\/senoticias.com.br\/se\/wp-json\/wp\/v2\/posts\/134166"}],"collection":[{"href":"https:\/\/senoticias.com.br\/se\/wp-json\/wp\/v2\/posts"}],"about":[{"href":"https:\/\/senoticias.com.br\/se\/wp-json\/wp\/v2\/types\/post"}],"author":[{"embeddable":true,"href":"https:\/\/senoticias.com.br\/se\/wp-json\/wp\/v2\/users\/6557"}],"replies":[{"embeddable":true,"href":"https:\/\/senoticias.com.br\/se\/wp-json\/wp\/v2\/comments?post=134166"}],"version-history":[{"count":0,"href":"https:\/\/senoticias.com.br\/se\/wp-json\/wp\/v2\/posts\/134166\/revisions"}],"wp:attachment":[{"href":"https:\/\/senoticias.com.br\/se\/wp-json\/wp\/v2\/media?parent=134166"}],"wp:term":[{"taxonomy":"category","embeddable":true,"href":"https:\/\/senoticias.com.br\/se\/wp-json\/wp\/v2\/categories?post=134166"},{"taxonomy":"post_tag","embeddable":true,"href":"https:\/\/senoticias.com.br\/se\/wp-json\/wp\/v2\/tags?post=134166"}],"curies":[{"name":"wp","href":"https:\/\/api.w.org\/{rel}","templated":true}]}}