{"id":134161,"date":"2022-09-21T18:10:59","date_gmt":"2022-09-21T21:10:59","guid":{"rendered":"https:\/\/senoticias.com.br\/se\/?p=134161"},"modified":"2022-09-21T18:11:08","modified_gmt":"2022-09-21T21:11:08","slug":"suspeito-de-estuprar-adolescentes-e-aplicar-anticoncepcionais-injetaveis-e-preso-em-sergipe","status":"publish","type":"post","link":"https:\/\/senoticias.com.br\/se\/suspeito-de-estuprar-adolescentes-e-aplicar-anticoncepcionais-injetaveis-e-preso-em-sergipe\/","title":{"rendered":"Suspeito de estuprar adolescentes e aplicar anticoncepcionais injet\u00e1veis \u00e9 preso em Sergipe"},"content":{"rendered":"\n<p>Policiais civis do Centro de Opera\u00e7\u00f5es Policiais Especiais (Cope) cumpriram na tarde desta ter\u00e7a-feira, 20, em Itabaiana, o mandado de pris\u00e3o preventiva contra um homem suspeito por crime de estupro de vulner\u00e1vel, ocorrido tamb\u00e9m no munic\u00edpio serrano.<\/p>\n\n\n\n<figure class=\"wp-block-image size-large\"><img loading=\"lazy\" decoding=\"async\" width=\"599\" height=\"400\" src=\"https:\/\/senoticias.com.br\/se\/wp-content\/uploads\/2022\/09\/WhatsApp-Image-2022-09-21-at-17.17.51-e1663794593736.jpeg\" alt=\"\" class=\"wp-image-134162\"\/><figcaption>\nAnticoncepcionais injet\u00e1veis eram aplicados nas v\u00edtimas &#8211; Foto: arquivo\/SSP\/SE<\/figcaption><\/figure>\n\n\n\n<p>Segundo as investiga\u00e7\u00f5es, o autor abordou as duas v\u00edtimas em redes sociais. Com o in\u00edcio da pr\u00e1tica do estupro de vulner\u00e1vel contra as adolescentes, ele passou a aplicar anticoncepcionais injet\u00e1veis nas menores.<\/p>\n\n\n\n<p>As a\u00e7\u00f5es delituosas ocorreram no decorrer de dois anos. Uma das v\u00edtimas tinha 12 anos quando o crime teve in\u00edcio.<\/p>\n\n\n\n<p>Em um dos casos, a v\u00edtima engravidou e ele obrigou-a a tomar rem\u00e9dio para provocar o aborto. Diante disto, familiares da jovem tomaram ci\u00eancia do fato e procuraram a Delegacia de Atendimento a Grupos Vulner\u00e1veis de Itabaiana (DAGV), denunciando o caso.<\/p>\n\n\n\n<p>Imediatamente, a Pol\u00edcia Civil abriu investiga\u00e7\u00f5es para apurar o ocorrido.<br>Ciente da den\u00fancia, o homem fez amea\u00e7as \u00e0 fam\u00edlia de uma das v\u00edtimas, com um objeto que aparentava ser uma arma de fogo.<\/p>\n\n\n\n<p>Em decorr\u00eancia dos crimes, a Pol\u00edcia Civil representou pela pris\u00e3o do suspeito, sendo autorizada pela Justi\u00e7a, e cumprida pelo Cope nesta ter\u00e7a. O investigado est\u00e1 \u00e0 disposi\u00e7\u00e3o do Poder Judici\u00e1rio.<\/p>\n\n\n\n<p>Em casos de viol\u00eancia contra a mulher e outros grupos vulner\u00e1veis, a popula\u00e7\u00e3o pode repassar informa\u00e7\u00f5es por meio do telefone 181, Disque-Den\u00fancia da Pol\u00edcia Civil.<\/p>\n\n\n\n<p><strong><em>Acompanhe tamb\u00e9m o SE Not\u00edcias no\u00a0<a rel=\"noreferrer noopener\" href=\"https:\/\/twitter.com\/Senoticias\" target=\"_blank\">Twitter<\/a>,\u00a0<a rel=\"noreferrer noopener\" href=\"https:\/\/www.facebook.com\/senoticias1\" target=\"_blank\">Facebook<\/a>\u00a0e no\u00a0<a rel=\"noreferrer noopener\" href=\"https:\/\/www.instagram.com\/senoticias\/\" target=\"_blank\">Instagram<\/a><\/em><\/strong><\/p>\n","protected":false},"excerpt":{"rendered":"<p>Policiais civis do Centro de Opera\u00e7\u00f5es Policiais Especiais (Cope) cumpriram na tarde desta ter\u00e7a-feira, 20, em Itabaiana, o mandado de pris\u00e3o preventiva contra um homem suspeito por crime de estupro de vulner\u00e1vel, ocorrido tamb\u00e9m no munic\u00edpio serrano. Segundo as investiga\u00e7\u00f5es, o autor abordou as duas v\u00edtimas em redes sociais. Com o in\u00edcio da pr\u00e1tica do [&hellip;]<\/p>\n","protected":false},"author":6557,"featured_media":0,"comment_status":"closed","ping_status":"closed","sticky":false,"template":"","format":"standard","meta":{"footnotes":""},"categories":[15,7],"tags":[612,858,16984],"class_list":{"0":"post-134161","1":"post","2":"type-post","3":"status-publish","4":"format-standard","6":"category-destaques","7":"category-policia","8":"tag-cope","9":"tag-estupro","10":"tag-policia-civil-2"},"_links":{"self":[{"href":"https:\/\/senoticias.com.br\/se\/wp-json\/wp\/v2\/posts\/134161"}],"collection":[{"href":"https:\/\/senoticias.com.br\/se\/wp-json\/wp\/v2\/posts"}],"about":[{"href":"https:\/\/senoticias.com.br\/se\/wp-json\/wp\/v2\/types\/post"}],"author":[{"embeddable":true,"href":"https:\/\/senoticias.com.br\/se\/wp-json\/wp\/v2\/users\/6557"}],"replies":[{"embeddable":true,"href":"https:\/\/senoticias.com.br\/se\/wp-json\/wp\/v2\/comments?post=134161"}],"version-history":[{"count":0,"href":"https:\/\/senoticias.com.br\/se\/wp-json\/wp\/v2\/posts\/134161\/revisions"}],"wp:attachment":[{"href":"https:\/\/senoticias.com.br\/se\/wp-json\/wp\/v2\/media?parent=134161"}],"wp:term":[{"taxonomy":"category","embeddable":true,"href":"https:\/\/senoticias.com.br\/se\/wp-json\/wp\/v2\/categories?post=134161"},{"taxonomy":"post_tag","embeddable":true,"href":"https:\/\/senoticias.com.br\/se\/wp-json\/wp\/v2\/tags?post=134161"}],"curies":[{"name":"wp","href":"https:\/\/api.w.org\/{rel}","templated":true}]}}