{"id":134142,"date":"2022-09-21T10:07:45","date_gmt":"2022-09-21T13:07:45","guid":{"rendered":"https:\/\/senoticias.com.br\/se\/?p=134142"},"modified":"2022-09-21T10:12:44","modified_gmt":"2022-09-21T13:12:44","slug":"bolsonaro-transforma-onu-em-palanque-cita-ato-eleitoral-de-7-9-e-mira-lula","status":"publish","type":"post","link":"https:\/\/senoticias.com.br\/se\/bolsonaro-transforma-onu-em-palanque-cita-ato-eleitoral-de-7-9-e-mira-lula\/","title":{"rendered":"Bolsonaro transforma ONU em palanque, cita ato eleitoral de 7\/9 e mira Lula."},"content":{"rendered":"\n<p><\/p>\n\n\n\n<p>O presidente Jair Bolsonaro (PL) transformou hoje a tribuna da ONU (Organiza\u00e7\u00e3o das Na\u00e7\u00f5es Unidas) em palanque eleitoral ao atacar o advers\u00e1rio nas urnas, Luiz In\u00e1cio Lula da Silva (PT), citar atos em favor da sua candidatura \u00e0 reelei\u00e7\u00e3o no 7\/9 e abordar temas como corrup\u00e7\u00e3o na Petrobras e pre\u00e7o dos combust\u00edveis.<\/p>\n\n\n\n<figure class=\"wp-block-image size-large\"><img loading=\"lazy\" decoding=\"async\" width=\"560\" height=\"374\" src=\"https:\/\/senoticias.com.br\/se\/wp-content\/uploads\/2022\/09\/Bolsonaro-na-ONU-SE-Noticias.jpg\" alt=\"\" class=\"wp-image-134149\" srcset=\"https:\/\/senoticias.com.br\/se\/wp-content\/uploads\/2022\/09\/Bolsonaro-na-ONU-SE-Noticias.jpg 560w, https:\/\/senoticias.com.br\/se\/wp-content\/uploads\/2022\/09\/Bolsonaro-na-ONU-SE-Noticias-300x200.jpg 300w, https:\/\/senoticias.com.br\/se\/wp-content\/uploads\/2022\/09\/Bolsonaro-na-ONU-SE-Noticias-90x60.jpg 90w, https:\/\/senoticias.com.br\/se\/wp-content\/uploads\/2022\/09\/Bolsonaro-na-ONU-SE-Noticias-180x120.jpg 180w, https:\/\/senoticias.com.br\/se\/wp-content\/uploads\/2022\/09\/Bolsonaro-na-ONU-SE-Noticias-95x64.jpg 95w\" sizes=\"(max-width: 560px) 100vw, 560px\" \/><figcaption>Bolsonaro transforma ONU em palanque &#8211; Foto: Stephanie Keith\/Getty Images North America\/AFP<\/figcaption><\/figure>\n\n\n\n<p>O chefe do Executivo nacional fez um discurso de 20 minutos na abertura da Assembleia-Geral da ONU, em Nova York, dias depois de ter recebido cr\u00edticas por usar o funeral da rainha Elizabeth 2\u00aa para fazer campanha.<\/p>\n\n\n\n<p><strong>&#8216;Esse \u00e9 o Brasil do passado&#8217;<\/strong>. Sem fazer men\u00e7\u00e3o nominal ao ex-presidente Lula, Bolsonaro citou os esc\u00e2ndalos de corrup\u00e7\u00e3o envolvendo a Petrobras, estatal de maior proje\u00e7\u00e3o no mercado internacional, e declarou que &#8220;o respons\u00e1vel por isso foi condenado em tr\u00eas inst\u00e2ncias&#8221;.<\/p>\n\n\n\n<p>O postulante \u00e0 reelei\u00e7\u00e3o omitiu, no entanto, que as senten\u00e7as foram derrubadas pelo STF (Supremo Tribunal Federal). Por esse motivo, o petista n\u00e3o responde criminalmente e est\u00e1 eleg\u00edvel.<\/p>\n\n\n\n<p>O ex-presidente foi punido em dois processos em 1\u00aa e 2\u00aa inst\u00e2ncias \u2014no caso do tr\u00edplex do Guaruj\u00e1, o STJ (Superior Tribunal de Justi\u00e7a) manteve a condena\u00e7\u00e3o, reduzindo a pena. No entanto, as senten\u00e7as foram extintas por decis\u00e3o da \u00faltima inst\u00e2ncia (isto \u00e9, do Supremo). Acusado em outros tr\u00eas casos, Lula foi absolvido. Ele n\u00e3o tem condena\u00e7\u00e3o com tr\u00e2nsito em julgado, ou seja, quando n\u00e3o \u00e9 poss\u00edvel mais apresentar recursos.<\/p>\n\n\n\n<p><strong>Polariza\u00e7\u00e3o ideol\u00f3gica.<\/strong> Bolsonaro se referiu aos governos do PT, que o antecederam no per\u00edodo de 2003 a 2016, como &#8220;a esquerda&#8221; \u2014em alinhamento \u00e0 estrat\u00e9gia de polariza\u00e7\u00e3o ideol\u00f3gica, uma de suas bandeiras de campanha.<\/p>\n\n\n\n<p><strong>&#8216;Demonstra\u00e7\u00e3o c\u00edvica&#8217;<\/strong> no 7\/9. Bolsonaro afirmou na tribuna da ONU considerar que os atos eleitorais realizados no \u00faltimo 7 de setembro, quando se comemorou o bicenten\u00e1rio da Independ\u00eancia do pa\u00eds, foram &#8220;a maior demonstra\u00e7\u00e3o c\u00edvica da hist\u00f3ria&#8221; do pa\u00eds.<\/p>\n\n\n\n<p><strong>&#8220;Milh\u00f5es de brasileiros foram \u00e0s ruas<\/strong>, convocados pelo seu presidente, trajando as cores da nossa bandeira. Foi a maior demonstra\u00e7\u00e3o c\u00edvica da hist\u00f3ria do nosso pa\u00eds, um povo que acredita em Deus, P\u00e1tria, fam\u00edlia e liberdade.&#8221;<\/p>\n\n\n\n<p><strong>De olho no voto feminino.<\/strong> O presidente e postulante \u00e0 reelei\u00e7\u00e3o tamb\u00e9m aproveitou o espa\u00e7o na tribuna da ONU para, mais uma vez, tentar dialogar com o eleitorado feminino no Brasil. Segundo Bolsonaro, o governo tem dado prioridade \u00e0 &#8220;prote\u00e7\u00e3o das mulheres&#8221; durante o atual mandato e citou a primeira-dama, Michelle Bolsonaro, como exemplo de empoderamento feminino.<\/p>\n\n\n\n<p>&#8220;Quero tamb\u00e9m destacar aqui a prioridade que temos atribu\u00eddo \u00e0 prote\u00e7\u00e3o das mulheres. Nosso esfor\u00e7o em sancionar mais de 70 normas legais sobre o tema desde o in\u00edcio de meu governo, em 2019, \u00e9 prova cabal desse compromisso.&#8221;<\/p>\n\n\n\n<p>&#8220;Trabalhamos no Brasil para que tenhamos mulheres fortes e independentes, para que possam chegar aonde elas quiserem. A primeira-dama, Michelle Bolsonaro, trouxe novo significado ao trabalho de voluntariado desde 2019, com especial aten\u00e7\u00e3o aos portadores de defici\u00eancias e doen\u00e7as raras&#8221;, completou.<\/p>\n\n\n\n<p><strong>Repercuss\u00e3o internacional.<\/strong> O tom eleitoral do discurso de Bolsonaro chamou aten\u00e7\u00e3o na imprensa internacional. O New York Times, por exemplo, um dos maiores jornais americanos, afirmou que o postulante \u00e0 reelei\u00e7\u00e3o &#8220;fez campanha&#8221; na ONU.<\/p>\n\n\n\n<p>&#8220;Em um palco mundial, o presidente do Brasil faz campanha para uma posi\u00e7\u00e3o que ele pode perder&#8221;, diz o texto do jornal norte-americano, acrescentando que a fala foi mais contida que a do ano passado, quando defendeu medicamentos ineficazes para o tratamento da covid-19.<\/p>\n\n\n\n<p>A ag\u00eancia de not\u00edcias AP apontou que Bolsonaro parecia &#8220;em plena campanha eleitoral&#8221; e pintou um &#8220;panorama rosado&#8221; da economia do pa\u00eds.<\/p>\n\n\n\n<p>O argentino Clar\u00edn tamb\u00e9m citou o tom eleitoral. &#8220;Jair Bolsonaro fez campanha na ONU&#8221;, diz o t\u00edtulo do texto. &#8220;Seu discurso de pouco mais de 15 minutos [teve] fortes indica\u00e7\u00f5es de ato de campanha, a pouco menos de duas semanas para as elei\u00e7\u00f5es&#8221;, escreveram.<\/p>\n\n\n\n<p><strong>Reforma na ONU<\/strong>. Em recado aos l\u00edderes mundiais, o chefe do Executivo defendeu a ideia de uma reforma da Organiza\u00e7\u00e3o das Na\u00e7\u00f5es Unidas e do Conselho de Seguran\u00e7a do \u00f3rg\u00e3o. Na vis\u00e3o dele, a guerra iniciada pela R\u00fassia na Ucr\u00e2nia, pa\u00eds vizinho, &#8220;serve de alerta&#8221; para que uma restrutura\u00e7\u00e3o seja feita.<\/p>\n\n\n\n<p>&#8220;Erguemos as Na\u00e7\u00f5es Unidas em meio aos escombros da Segunda Guerra Mundial, o que nos motivava naquele momento era a determina\u00e7\u00e3o de evitar que se repetisse o ciclo de destrui\u00e7\u00e3o que marcou a primeira metade do s\u00e9culo 20. At\u00e9 certo ponto podemos dizer que fomos bem sucedidos, mas hoje, o conflito na Ucr\u00e2nia serve de alerta, uma reforma da ONU \u00e9 essencial para encontrarmos a paz mundial&#8221;, declarou.<\/p>\n\n\n\n<p>A ONU foi criada em 1945, ap\u00f3s o t\u00e9rmino da Segunda Guerra Mundial, com objetivo de impedir que outros conflitos como aquele ocorressem. O Conselho de Seguran\u00e7a \u00e9 o seu \u00f3rg\u00e3o mais importante e \u00e9 respons\u00e1vel pela manuten\u00e7\u00e3o da seguran\u00e7a mundial. Durante o discurso, Bolsonaro afirmou que, ap\u00f3s 25 anos de debates, &#8220;est\u00e1 claro que precisamos buscar solu\u00e7\u00f5es inovadoras&#8221;, ressaltando o fato de o Brasil j\u00e1 ter ocupado um assento no Conselho de Seguran\u00e7a em 11 oportunidades.<\/p>\n\n\n\n<p>O Conselho de Seguran\u00e7a \u00e9 formado por 15 membros e apenas cinco s\u00e3o permanentes. A composi\u00e7\u00e3o dos membros permanentes, que formam o seu n\u00facleo, re\u00fane as pot\u00eancias vencedoras da Segunda Guerra Mundial e t\u00eam poder de veto sobre qualquer resolu\u00e7\u00e3o tomada pela institui\u00e7\u00e3o: EUA, Fran\u00e7a, Gr\u00e3-Bretanha, R\u00fassia (at\u00e9 1991 URSS) e China (desde 1971, j\u00e1 que at\u00e9 este ano era Taiwan o representante oficial do povo chin\u00eas).<\/p>\n\n\n\n<p>Paz na Ucr\u00e2nia. Bolsonaro exibiu hoje na ONU um posicionamento distinto em rela\u00e7\u00e3o \u00e0 postura adotada no in\u00edcio da guerra da Ucr\u00e2nia, per\u00edodo em que chegou a se declarar pessoalmente &#8220;neutro&#8221;, sob argumento de que as rela\u00e7\u00f5es comerciais com a R\u00fassia, o pa\u00eds agressor, n\u00e3o poderiam ser prejudicadas.<\/p>\n\n\n\n<p>Dessa vez, o presidente brasileiro disse que o pa\u00eds &#8220;em se pautado pelos princ\u00edpios do Direito Internacional e da Carta da ONU&#8221; e defendeu um &#8220;cessar-fogo imediato&#8221; na regi\u00e3o do leste europeu.<\/p>\n\n\n\n<p>&#8220;Diante do conflito em si, o Brasil tem se pautado pelos princ\u00edpios do Direito Internacional e da Carta da ONU. Princ\u00edpios que est\u00e3o consagrados tamb\u00e9m em nossa Constitui\u00e7\u00e3o. Defendemos um cessar-fogo imediato, a prote\u00e7\u00e3o de civis e n\u00e3o-combatentes, a preserva\u00e7\u00e3o de infraestrutura cr\u00edtica para assist\u00eancia \u00e0 popula\u00e7\u00e3o e a manuten\u00e7\u00e3o de todos os canais de di\u00e1logo entre as partes em conflito. Esses s\u00e3o os primeiros passos para alcan\u00e7armos uma solu\u00e7\u00e3o que seja duradoura e sustent\u00e1vel.&#8221;<\/p>\n\n\n\n<p>Quest\u00e3o ambiental. Bolsonaro voltou a defender o governo em rela\u00e7\u00e3o \u00e0 pauta ambiental, buscou recha\u00e7ar cr\u00edticas quanto \u00e0s pol\u00edticas e a\u00e7\u00f5es voltadas para a regi\u00e3o amaz\u00f4nica e disse ser o Brasil &#8220;fonte de credibilidade&#8221; na \u00e1rea do desenvolvimento sustent\u00e1vel, com um &#8220;patrim\u00f4nio de realiza\u00e7\u00f5es&#8221;.<\/p>\n\n\n\n<p>Na vis\u00e3o dele, o pa\u00eds \u00e9 &#8220;parte da solu\u00e7\u00e3o e refer\u00eancia para o mundo&#8221;. Essa foi a quarta vez que Bolsonaro abordou o tema do meio ambiente, do desenvolvimento sustent\u00e1vel e da Amaz\u00f4nia ao discursar na ONU. Em todos os casos, o mandat\u00e1rio do Executivo brasileiro buscou passar uma imagem positiva e proativa quanto aos problemas graves que o pa\u00eds atravessa no setor.<\/p>\n\n\n\n<p>Bolsonaro omitiu, por exemplo, que os dados oficiais registram altas no n\u00famero de queimadas e no desmatamento da regi\u00e3o \u2014fatos que contestam a ret\u00f3rica do governo.<\/p>\n\n\n\n<p>O sistema que monitora queimadas do Instituto Nacional de Pesquisas Especiais (Inpe) detectou 74,7 mil focos de inc\u00eandio no bioma amaz\u00f4nico entre 1\u00ba de janeiro e 17 de setembro deste ano (os dados s\u00e3o disponibilizados com um atraso de dois dias).<\/p>\n\n\n\n<p>Comparado ao mesmo per\u00edodo do ano passado, o aumento \u00e9 de 51%. Analisando a s\u00e9rie hist\u00f3rica, \u00e9 o maior n\u00famero de queimadas na Amaz\u00f4nia neste per\u00edodo desde 2010. Desmatamento em alta. No quesito desmatamento, o cen\u00e1rio tamb\u00e9m \u00e9 de alta. Segundo o sistema Prodes, do Inpe, que mede o desmatamento na Amaz\u00f4nia anualmente, nos tr\u00eas primeiros anos do governo Bolsonaro, a taxa de destrui\u00e7\u00e3o da floresta foi superior a 10 mil quil\u00f4metros por ano.<\/p>\n\n\n\n<p>No per\u00edodo compreendido entre agosto de 2020 e julho de 2021, o desmatamento acumulado chegou a 13 mil quil\u00f4metros quadrados, o equivalente a quase nove vezes a cidade de S\u00e3o Paulo.<\/p>\n\n\n\n<p>Em 2022, os dados mostram que a tend\u00eancia segue de alta. De acordo com o sistema de Detec\u00e7\u00e3o em Tempo Real (Deter), tamb\u00e9m do Inpe, foram desmatados 1.600 quil\u00f4metros de floresta na Amaz\u00f4nia em agosto deste ano, um aumento de 81% em rela\u00e7\u00e3o ao mesmo m\u00eas de 2021. \u00c9 a segunda maior taxa desde 2015.<\/p>\n\n\n\n<p>As declara\u00e7\u00f5es controversas de Bolsonaro na quest\u00e3o da pauta ambiental repercutiram na imprensa internacional. A americana CNN, por exemplo, destacou que o presidente afirmou que &#8220;a maioria da Amaz\u00f4nia continua intocada&#8221;, mas que a floresta diminuiu durante o mandato dele. &#8220;O desmatamento disparou sob Bolsonaro, que encorajou a expans\u00e3o do agroneg\u00f3cio e outras ind\u00fastrias do pa\u00eds que usam os recursos naturais brasileiros&#8221;, diz o texto.<\/p>\n\n\n\n<p><strong>Pre\u00e7o da gasolina.<\/strong> Assim como tem feito durante as atividades de campanha eleitoral pelo Brasil, Bolsonaro tentou dar \u00eanfase aos esfor\u00e7os do governo a fim de conter a alta do pre\u00e7o dos combust\u00edveis. Segundo ele, desde junho, o valor cobrado pela gasolina &#8220;caiu mais de 30%&#8221;. &#8220;Hoje, um litro no Brasil custa cerca de US$ 0,90. O pre\u00e7o da energia el\u00e9trica tamb\u00e9m teve uma queda de mais de 15%. Quero ressaltar que o custo da energia n\u00e3o caiu por causa de tabelamento de pre\u00e7os ou qualquer outro tipo de interven\u00e7\u00e3o estatal. Foi resultado de uma pol\u00edtica de racionaliza\u00e7\u00e3o de impostos formulada e implementada com o apoio do Congresso Nacional.&#8221;<\/p>\n\n\n\n<p><strong>Primeiro a discursar.<\/strong> Conforme \u00e9 tradi\u00e7\u00e3o na Assembleia Geral da ONU, o presidente brasileiro foi o primeiro chefe de Estado a falar no evento, na sede do \u00f3rg\u00e3o, em Nova York.<\/p>\n\n\n\n<p>Ele estava acompanhado da primeira-dama, Michelle, e dos ministros da Casa Civil, Ciro Nogueira, e das Rela\u00e7\u00f5es Exteriores, Carlos Fran\u00e7a.<\/p>\n\n\n\n<p>Desde que assumiu o poder, Bolsonaro tem usado a tribuna da ONU para refor\u00e7ar posi\u00e7\u00f5es do governo, rebater cr\u00edticas e atacar institui\u00e7\u00f5es relacionadas \u00e0 esquerda.<\/p>\n\n\n\n<p><strong><em>Acompanhe tamb\u00e9m o SE Not\u00edcias no\u00a0<a rel=\"noreferrer noopener\" href=\"https:\/\/twitter.com\/Senoticias\" target=\"_blank\">Twitter<\/a>,\u00a0<a rel=\"noreferrer noopener\" href=\"https:\/\/www.facebook.com\/senoticias1\" target=\"_blank\">Facebook<\/a>\u00a0e no\u00a0<a rel=\"noreferrer noopener\" href=\"https:\/\/www.instagram.com\/senoticias\/\" target=\"_blank\">Instagram<\/a><\/em><\/strong><\/p>\n\n\n\n<p>Stella Borges e Hanrrikson de Andrade, Do UOL, em S\u00e3o Paulo e em Bras\u00edlia<\/p>\n","protected":false},"excerpt":{"rendered":"<p>O presidente Jair Bolsonaro (PL) transformou hoje a tribuna da ONU (Organiza\u00e7\u00e3o das Na\u00e7\u00f5es Unidas) em palanque eleitoral ao atacar o advers\u00e1rio nas urnas, Luiz In\u00e1cio Lula da Silva (PT), citar atos em favor da sua candidatura \u00e0 reelei\u00e7\u00e3o no 7\/9 e abordar temas como corrup\u00e7\u00e3o na Petrobras e pre\u00e7o dos combust\u00edveis. O chefe do [&hellip;]<\/p>\n","protected":false},"author":6557,"featured_media":0,"comment_status":"closed","ping_status":"closed","sticky":false,"template":"","format":"standard","meta":{"footnotes":""},"categories":[15,2961],"tags":[3272,854,37325],"class_list":{"0":"post-134142","1":"post","2":"type-post","3":"status-publish","4":"format-standard","6":"category-destaques","7":"category-nacional","8":"tag-bolsonaro","9":"tag-onu","10":"tag-organizacao-das-nacoes-unidas"},"_links":{"self":[{"href":"https:\/\/senoticias.com.br\/se\/wp-json\/wp\/v2\/posts\/134142"}],"collection":[{"href":"https:\/\/senoticias.com.br\/se\/wp-json\/wp\/v2\/posts"}],"about":[{"href":"https:\/\/senoticias.com.br\/se\/wp-json\/wp\/v2\/types\/post"}],"author":[{"embeddable":true,"href":"https:\/\/senoticias.com.br\/se\/wp-json\/wp\/v2\/users\/6557"}],"replies":[{"embeddable":true,"href":"https:\/\/senoticias.com.br\/se\/wp-json\/wp\/v2\/comments?post=134142"}],"version-history":[{"count":0,"href":"https:\/\/senoticias.com.br\/se\/wp-json\/wp\/v2\/posts\/134142\/revisions"}],"wp:attachment":[{"href":"https:\/\/senoticias.com.br\/se\/wp-json\/wp\/v2\/media?parent=134142"}],"wp:term":[{"taxonomy":"category","embeddable":true,"href":"https:\/\/senoticias.com.br\/se\/wp-json\/wp\/v2\/categories?post=134142"},{"taxonomy":"post_tag","embeddable":true,"href":"https:\/\/senoticias.com.br\/se\/wp-json\/wp\/v2\/tags?post=134142"}],"curies":[{"name":"wp","href":"https:\/\/api.w.org\/{rel}","templated":true}]}}