{"id":134140,"date":"2022-09-20T08:28:20","date_gmt":"2022-09-20T11:28:20","guid":{"rendered":"https:\/\/senoticias.com.br\/se\/?p=134140"},"modified":"2022-09-20T08:30:37","modified_gmt":"2022-09-20T11:30:37","slug":"dois-homens-morrem-em-operacao-contra-o-trafico-no-interior-de-sergipe","status":"publish","type":"post","link":"https:\/\/senoticias.com.br\/se\/dois-homens-morrem-em-operacao-contra-o-trafico-no-interior-de-sergipe\/","title":{"rendered":"Dois homens morrem em opera\u00e7\u00e3o contra o tr\u00e1fico no interior de Sergipe"},"content":{"rendered":"\n<p>Uma opera\u00e7\u00e3o conjunta entre as pol\u00edcias Civil e Militar foi deflagrada com o objetivo de combater o tr\u00e1fico de drogas na regi\u00e3o do munic\u00edpio de Porto da Folha. A a\u00e7\u00e3o policial est\u00e1 ocorrendo na manh\u00e3 desta ter\u00e7a-feira (20). At\u00e9 o momento, dois investigados entraram em confronto e vieram a \u00f3bito e um terceiro suspeito foi preso em flagrante com drogas.<\/p>\n\n\n\n<figure class=\"wp-block-image size-large\"><img loading=\"lazy\" decoding=\"async\" width=\"550\" height=\"330\" src=\"https:\/\/senoticias.com.br\/se\/wp-content\/uploads\/2022\/09\/Dois-mortos-SE-Noticias.jpg\" alt=\"\" class=\"wp-image-134141\" srcset=\"https:\/\/senoticias.com.br\/se\/wp-content\/uploads\/2022\/09\/Dois-mortos-SE-Noticias.jpg 550w, https:\/\/senoticias.com.br\/se\/wp-content\/uploads\/2022\/09\/Dois-mortos-SE-Noticias-300x180.jpg 300w\" sizes=\"(max-width: 550px) 100vw, 550px\" \/><figcaption>As duas mortes ocorreram durante opera\u00e7\u00e3o conjunta de combate ao tr\u00e1fico de drogas em Porto da Folha &#8211; Foto: SSP\/SE<\/figcaption><\/figure>\n\n\n\n<p>As investiga\u00e7\u00f5es s\u00e3o conduzidas pela Delegacia de Porto da Folha com o apoio da Coordenadoria da Pol\u00edcia Civil do Interior (Copci). A a\u00e7\u00e3o visa dar cumprimento a mandados de busca e de pris\u00e3o no \u00e2mbito do combate ao tr\u00e1fico de drogas.<\/p>\n\n\n\n<p>A opera\u00e7\u00e3o conta com o apoio de diversas unidades de ambas as pol\u00edcias, como a Companhia Independente de Opera\u00e7\u00f5es Policiais em \u00c1rea de Caatinga (Ciopac) e delegacias do Sert\u00e3o e do Agreste do estado, al\u00e9m do Grupamento T\u00e1tico A\u00e9reo (GTA).<\/p>\n\n\n\n<p>A a\u00e7\u00e3o policial est\u00e1 em andamento e mais informa\u00e7\u00f5es ser\u00e3o repassadas ao t\u00e9rmino da opera\u00e7\u00e3o.<\/p>\n\n\n\n<p><strong><em>Acompanhe tamb\u00e9m o SE Not\u00edcias no\u00a0<a rel=\"noreferrer noopener\" href=\"https:\/\/twitter.com\/Senoticias\" target=\"_blank\">Twitter<\/a>,\u00a0<a rel=\"noreferrer noopener\" href=\"https:\/\/www.facebook.com\/senoticias1\" target=\"_blank\">Facebook<\/a>\u00a0e no\u00a0<a rel=\"noreferrer noopener\" href=\"https:\/\/www.instagram.com\/senoticias\/\" target=\"_blank\">Instagram<\/a><\/em><\/strong><\/p>\n\n\n\n<p>Fonte: SSP\/SE<\/p>\n","protected":false},"excerpt":{"rendered":"<p>Uma opera\u00e7\u00e3o conjunta entre as pol\u00edcias Civil e Militar foi deflagrada com o objetivo de combater o tr\u00e1fico de drogas na regi\u00e3o do munic\u00edpio de Porto da Folha. A a\u00e7\u00e3o policial est\u00e1 ocorrendo na manh\u00e3 desta ter\u00e7a-feira (20). At\u00e9 o momento, dois investigados entraram em confronto e vieram a \u00f3bito e um terceiro suspeito foi [&hellip;]<\/p>\n","protected":false},"author":6557,"featured_media":0,"comment_status":"closed","ping_status":"closed","sticky":false,"template":"","format":"standard","meta":{"footnotes":""},"categories":[15,7],"tags":[34772,37323,78,86],"class_list":{"0":"post-134140","1":"post","2":"type-post","3":"status-publish","4":"format-standard","6":"category-destaques","7":"category-policia","8":"tag-combate-ao-trafico-de-drogas","9":"tag-delegacia-de-porto-da-folha","10":"tag-policia-civil","11":"tag-policia-militar"},"_links":{"self":[{"href":"https:\/\/senoticias.com.br\/se\/wp-json\/wp\/v2\/posts\/134140"}],"collection":[{"href":"https:\/\/senoticias.com.br\/se\/wp-json\/wp\/v2\/posts"}],"about":[{"href":"https:\/\/senoticias.com.br\/se\/wp-json\/wp\/v2\/types\/post"}],"author":[{"embeddable":true,"href":"https:\/\/senoticias.com.br\/se\/wp-json\/wp\/v2\/users\/6557"}],"replies":[{"embeddable":true,"href":"https:\/\/senoticias.com.br\/se\/wp-json\/wp\/v2\/comments?post=134140"}],"version-history":[{"count":0,"href":"https:\/\/senoticias.com.br\/se\/wp-json\/wp\/v2\/posts\/134140\/revisions"}],"wp:attachment":[{"href":"https:\/\/senoticias.com.br\/se\/wp-json\/wp\/v2\/media?parent=134140"}],"wp:term":[{"taxonomy":"category","embeddable":true,"href":"https:\/\/senoticias.com.br\/se\/wp-json\/wp\/v2\/categories?post=134140"},{"taxonomy":"post_tag","embeddable":true,"href":"https:\/\/senoticias.com.br\/se\/wp-json\/wp\/v2\/tags?post=134140"}],"curies":[{"name":"wp","href":"https:\/\/api.w.org\/{rel}","templated":true}]}}