{"id":134098,"date":"2022-09-14T22:59:04","date_gmt":"2022-09-15T01:59:04","guid":{"rendered":"https:\/\/senoticias.com.br\/se\/?p=134098"},"modified":"2022-09-14T23:03:16","modified_gmt":"2022-09-15T02:03:16","slug":"ibge-abre-novo-concurso-com-82-mil-vagas-para-censo-2022","status":"publish","type":"post","link":"https:\/\/senoticias.com.br\/se\/ibge-abre-novo-concurso-com-82-mil-vagas-para-censo-2022\/","title":{"rendered":"IBGE abre novo concurso com 8,2 mil vagas para Censo 2022"},"content":{"rendered":"\n<p><\/p>\n\n\n\n<p>O Instituto Brasileiro de Geografia e Estat\u00edstica (IBGE) abriu hoje (14) inscri\u00e7\u00f5es para um novo processo seletivo para o Censo 2022. Est\u00e3o sendo oferecidas<strong> 7.795 vagas para recenseador e 435 para agentes censit\u00e1rios municipais ou supervisores<\/strong>. O prazo vai at\u00e9 sexta-feira (16).<\/p>\n\n\n\n<figure class=\"wp-block-image size-large\"><img loading=\"lazy\" decoding=\"async\" width=\"550\" height=\"305\" src=\"https:\/\/senoticias.com.br\/se\/wp-content\/uploads\/2022\/09\/IBGE-censo-SE-Noticias.jpg\" alt=\"\" class=\"wp-image-134099\" srcset=\"https:\/\/senoticias.com.br\/se\/wp-content\/uploads\/2022\/09\/IBGE-censo-SE-Noticias.jpg 550w, https:\/\/senoticias.com.br\/se\/wp-content\/uploads\/2022\/09\/IBGE-censo-SE-Noticias-300x166.jpg 300w\" sizes=\"(max-width: 550px) 100vw, 550px\" \/><figcaption>Prazo para inscri\u00e7\u00f5es vai at\u00e9 a pr\u00f3xima sexta-feira &#8211; Foto: ascom\/IBGE<\/figcaption><\/figure>\n\n\n\n<p>A previs\u00e3o \u00e9 que o contrato de trabalho para recenseador dure tr\u00eas meses e a remunera\u00e7\u00e3o \u00e9 vari\u00e1vel, dependendo da produtividade do trabalhador. J\u00e1 o contrato para os agentes censit\u00e1rios dever\u00e1 durar cinco meses, com vencimentos de R$ 1.700 para supervisor e R$ 2.100 para municipal.<\/p>\n\n\n\n<p>A inscri\u00e7\u00e3o \u00e9 gratuita. Outras informa\u00e7\u00f5es ser\u00e3o divulgados no <strong><a href=\"https:\/\/www.ibge.gov.br\/acesso-informacao\/institucional\/trabalhe-conosco.html\">site do IBGE<\/a><\/strong>.<\/p>\n\n\n\n<p><strong><em>Acompanhe tamb\u00e9m o SE Not\u00edcias no\u00a0<a rel=\"noreferrer noopener\" href=\"https:\/\/twitter.com\/Senoticias\" target=\"_blank\">Twitter<\/a>,\u00a0<a rel=\"noreferrer noopener\" href=\"https:\/\/www.facebook.com\/senoticias1\" target=\"_blank\">Facebook<\/a>\u00a0e no\u00a0<a rel=\"noreferrer noopener\" href=\"https:\/\/www.instagram.com\/senoticias\/\" target=\"_blank\">Instagram<\/a><\/em><\/strong><\/p>\n\n\n\n<p>Fonte: Ag\u00eancia Brasil<\/p>\n","protected":false},"excerpt":{"rendered":"<p>O Instituto Brasileiro de Geografia e Estat\u00edstica (IBGE) abriu hoje (14) inscri\u00e7\u00f5es para um novo processo seletivo para o Censo 2022. Est\u00e3o sendo oferecidas 7.795 vagas para recenseador e 435 para agentes censit\u00e1rios municipais ou supervisores. O prazo vai at\u00e9 sexta-feira (16). A previs\u00e3o \u00e9 que o contrato de trabalho para recenseador dure tr\u00eas meses [&hellip;]<\/p>\n","protected":false},"author":6557,"featured_media":0,"comment_status":"closed","ping_status":"closed","sticky":false,"template":"","format":"standard","meta":{"footnotes":""},"categories":[15,2961,1],"tags":[35165,37302,36728],"class_list":{"0":"post-134098","1":"post","2":"type-post","3":"status-publish","4":"format-standard","6":"category-destaques","7":"category-nacional","8":"category-sem-categoria","9":"tag-censo-2022","10":"tag-recenseador-ibge","11":"tag-recenseadores"},"_links":{"self":[{"href":"https:\/\/senoticias.com.br\/se\/wp-json\/wp\/v2\/posts\/134098"}],"collection":[{"href":"https:\/\/senoticias.com.br\/se\/wp-json\/wp\/v2\/posts"}],"about":[{"href":"https:\/\/senoticias.com.br\/se\/wp-json\/wp\/v2\/types\/post"}],"author":[{"embeddable":true,"href":"https:\/\/senoticias.com.br\/se\/wp-json\/wp\/v2\/users\/6557"}],"replies":[{"embeddable":true,"href":"https:\/\/senoticias.com.br\/se\/wp-json\/wp\/v2\/comments?post=134098"}],"version-history":[{"count":0,"href":"https:\/\/senoticias.com.br\/se\/wp-json\/wp\/v2\/posts\/134098\/revisions"}],"wp:attachment":[{"href":"https:\/\/senoticias.com.br\/se\/wp-json\/wp\/v2\/media?parent=134098"}],"wp:term":[{"taxonomy":"category","embeddable":true,"href":"https:\/\/senoticias.com.br\/se\/wp-json\/wp\/v2\/categories?post=134098"},{"taxonomy":"post_tag","embeddable":true,"href":"https:\/\/senoticias.com.br\/se\/wp-json\/wp\/v2\/tags?post=134098"}],"curies":[{"name":"wp","href":"https:\/\/api.w.org\/{rel}","templated":true}]}}