{"id":134079,"date":"2022-09-12T20:48:28","date_gmt":"2022-09-12T23:48:28","guid":{"rendered":"https:\/\/senoticias.com.br\/se\/?p=134079"},"modified":"2022-09-12T21:26:07","modified_gmt":"2022-09-13T00:26:07","slug":"por-nao-se-afastar-de-conselhos-eliane-tem-candidatura-impugnada-o-governo-tem-culpa-nisso","status":"publish","type":"post","link":"https:\/\/senoticias.com.br\/se\/por-nao-se-afastar-de-conselhos-eliane-tem-candidatura-impugnada-o-governo-tem-culpa-nisso\/","title":{"rendered":"Por n\u00e3o se afastar de Conselhos, Eliane tem candidatura impugnada: \u201co governo tem culpa nisso\u201d"},"content":{"rendered":"\n<p><\/p>\n\n\n\n<p>Por unanimidade, o pleno do Tribunal Regional Eleitoral de Sergipe (TRE-SE), acatou o parecer do Minist\u00e9rio P\u00fablico Eleitoral, por meio da Procuradoria Regional Eleitoral (PRE), e impugnou nesta segunda-feira (12) a candidatura a deputada federal da vice-governadora de Sergipe, Eliane Aquino (PT).<\/p>\n\n\n\n<figure class=\"wp-block-image size-large is-resized\"><img loading=\"lazy\" decoding=\"async\" src=\"https:\/\/senoticias.com.br\/se\/wp-content\/uploads\/2022\/09\/Eliane-candata-ao-se-noticias.jpg\" alt=\"\" class=\"wp-image-134081\" width=\"580\" height=\"466\" srcset=\"https:\/\/senoticias.com.br\/se\/wp-content\/uploads\/2022\/09\/Eliane-candata-ao-se-noticias.jpg 595w, https:\/\/senoticias.com.br\/se\/wp-content\/uploads\/2022\/09\/Eliane-candata-ao-se-noticias-300x242.jpg 300w, https:\/\/senoticias.com.br\/se\/wp-content\/uploads\/2022\/09\/Eliane-candata-ao-se-noticias-45x35.jpg 45w\" sizes=\"(max-width: 580px) 100vw, 580px\" \/><figcaption>Eliane tem candidatura impugnada: \u201co governo tem culpa nisso\u201d &#8211; Foto: arquivo\/TRE<\/figcaption><\/figure>\n\n\n\n<p>De acordo com o Minist\u00e9rio P\u00fablico Eleitoral, Eliane Aquino n\u00e3o se desincompatibilizou dos cargos de presidente dos conselhos deliberativos. O per\u00edodo para afastamento dos conselhos, segundo a lei eleitoral, seria de quatro meses antes da data das elei\u00e7\u00f5es, 2 de outubro de 2022.<\/p>\n\n\n\n<p>A legisla\u00e7\u00e3o torna ineleg\u00edvel aquele candidato que \u201ctenha, dentro dos quatro meses anteriores ao pleito, ocupado cargo ou fun\u00e7\u00e3o de dire\u00e7\u00e3o, administra\u00e7\u00e3o ou representa\u00e7\u00e3o em entidades representativas de classe, mantidas, total ou parcialmente, por contribui\u00e7\u00f5es impostas pelo poder p\u00fablico ou com recursos arrecadados e repassados pela Previd\u00eancia Social\u201d.<\/p>\n\n\n\n<p>O advogado Jos\u00e9 Rollemberg Leite, que defende a vice-governadora na Justi\u00e7a Eleitoral, recorrer\u00e1 da decis\u00e3o junto ao Tribunal Superior Eleitoral (TSE).<\/p>\n\n\n\n<p><strong>Interpreta\u00e7\u00e3o<\/strong><\/p>\n\n\n\n<p>Segundo uma fonte informou ao Hora News, Eliane Aquino foi mal orientada sobre o per\u00edodo correto de desligamento dos conselhos. A hip\u00f3tese \u00e9 que houve um descuido dela para com a data ou uma interpreta\u00e7\u00e3o equivocada do pr\u00f3prio governo, o que acabou a prejudicando.<\/p>\n\n\n\n<p>\u201cSeria muita infantilidade n\u00e3o perceber o que a lei diz claramente, que voc\u00ea tem que se afastar quatro meses antes da data da elei\u00e7\u00e3o, e mesmo assim voc\u00ea continuar, \u00e9 algo muito estranho. Sinceramente, acho que a interpreta\u00e7\u00e3o dada foi no sentido mesmo de n\u00e3o t\u00ea-la disputando a elei\u00e7\u00e3o para deputada federal. \u00c9 bom lembrar que hoje governo e PT s\u00e3o advers\u00e1rios pol\u00edticos e o que um puder fazer para tirar o outro do caminho, faz sem d\u00favida nenhuma. Nesse caso, a v\u00edtima foi ela. Para mim, o governo tem culpa nisso. Veja o caso do Valmir\u201d, diz um ex-integrante do Pal\u00e1cio Governador Augusto Franco.<\/p>\n\n\n\n<p><strong><em>Acompanhe tamb\u00e9m o SE Not\u00edcias no\u00a0<a rel=\"noreferrer noopener\" href=\"https:\/\/twitter.com\/Senoticias\" target=\"_blank\">Twitter<\/a>,\u00a0<a rel=\"noreferrer noopener\" href=\"https:\/\/www.facebook.com\/senoticias1\" target=\"_blank\">Facebook<\/a>\u00a0e no\u00a0<a rel=\"noreferrer noopener\" href=\"https:\/\/www.instagram.com\/senoticias\/\" target=\"_blank\">Instagram<\/a><\/em><\/strong><\/p>\n\n\n\n<p>Fonte: <strong><a href=\"https:\/\/horanews.net\/por-nao-se-afastar-de-conselhos-eliane-aquino-tem-sua-candidatura-impugnada-o-governo-tem-culpa-nisso\/\">Hora News<\/a><\/strong><\/p>\n","protected":false},"excerpt":{"rendered":"<p>Por unanimidade, o pleno do Tribunal Regional Eleitoral de Sergipe (TRE-SE), acatou o parecer do Minist\u00e9rio P\u00fablico Eleitoral, por meio da Procuradoria Regional Eleitoral (PRE), e impugnou nesta segunda-feira (12) a candidatura a deputada federal da vice-governadora de Sergipe, Eliane Aquino (PT). De acordo com o Minist\u00e9rio P\u00fablico Eleitoral, Eliane Aquino n\u00e3o se desincompatibilizou dos [&hellip;]<\/p>\n","protected":false},"author":6557,"featured_media":0,"comment_status":"closed","ping_status":"closed","sticky":false,"template":"","format":"standard","meta":{"footnotes":""},"categories":[15,6,1],"tags":[12125,1564,546],"class_list":{"0":"post-134079","1":"post","2":"type-post","3":"status-publish","4":"format-standard","6":"category-destaques","7":"category-politica","8":"category-sem-categoria","9":"tag-eleicoes-2022","10":"tag-eliane-aquino","11":"tag-ministerio-publico-eleitoral"},"_links":{"self":[{"href":"https:\/\/senoticias.com.br\/se\/wp-json\/wp\/v2\/posts\/134079"}],"collection":[{"href":"https:\/\/senoticias.com.br\/se\/wp-json\/wp\/v2\/posts"}],"about":[{"href":"https:\/\/senoticias.com.br\/se\/wp-json\/wp\/v2\/types\/post"}],"author":[{"embeddable":true,"href":"https:\/\/senoticias.com.br\/se\/wp-json\/wp\/v2\/users\/6557"}],"replies":[{"embeddable":true,"href":"https:\/\/senoticias.com.br\/se\/wp-json\/wp\/v2\/comments?post=134079"}],"version-history":[{"count":0,"href":"https:\/\/senoticias.com.br\/se\/wp-json\/wp\/v2\/posts\/134079\/revisions"}],"wp:attachment":[{"href":"https:\/\/senoticias.com.br\/se\/wp-json\/wp\/v2\/media?parent=134079"}],"wp:term":[{"taxonomy":"category","embeddable":true,"href":"https:\/\/senoticias.com.br\/se\/wp-json\/wp\/v2\/categories?post=134079"},{"taxonomy":"post_tag","embeddable":true,"href":"https:\/\/senoticias.com.br\/se\/wp-json\/wp\/v2\/tags?post=134079"}],"curies":[{"name":"wp","href":"https:\/\/api.w.org\/{rel}","templated":true}]}}