{"id":134072,"date":"2022-09-12T16:16:29","date_gmt":"2022-09-12T19:16:29","guid":{"rendered":"https:\/\/senoticias.com.br\/se\/?p=134072"},"modified":"2022-09-12T18:39:23","modified_gmt":"2022-09-12T21:39:23","slug":"justica-decide-pela-cassacao-dos-mandatos-do-prefeito-e-vice-prefeito-de-tobias-barreto","status":"publish","type":"post","link":"https:\/\/senoticias.com.br\/se\/justica-decide-pela-cassacao-dos-mandatos-do-prefeito-e-vice-prefeito-de-tobias-barreto\/","title":{"rendered":"Justi\u00e7a decide pela cassa\u00e7\u00e3o dos mandatos do prefeito e vice-prefeito de Tobias Barreto"},"content":{"rendered":"\n<p>O prefeito e o vice-prefeito da cidade de Tobias Barreto foram condenados, em primeira inst\u00e2ncia, na \u00faltima sexta-feira, 9, a cassa\u00e7\u00e3o dos mandatos pol\u00edticos por abuso de de Meio de Comunica\u00e7\u00e3o Social. Contudo ainda cabe recurso e n\u00e3o significa que eles devem sair imediatamente das fun\u00e7\u00f5es. A informa\u00e7\u00e3o \u00e9 do Portal FanF1.<\/p>\n\n\n\n<figure class=\"wp-block-image size-large\"><img loading=\"lazy\" decoding=\"async\" width=\"599\" height=\"400\" src=\"https:\/\/senoticias.com.br\/se\/wp-content\/uploads\/2022\/09\/tobias-barreto-senoticias-e1663010099466.jpg\" alt=\"\" class=\"wp-image-134073\"\/><figcaption>Decis\u00e3o contra Dilson de Agripino ainda cabe recurso &#8211; Foto: arquivo\/Ales<\/figcaption><\/figure>\n\n\n\n<p>O processo foi movido pelo ex-prefeito da cidade, Di\u00f3genes Almeida, contra Dilson de Agripino e C\u00e9sar Prado, respectivamente prefeito e vice do munic\u00edpio sergipano.<\/p>\n\n\n\n<p>De acordo com o advogado do ex-prefeito, o seu cliente teria tido sua campanha prejudicada nas elei\u00e7\u00f5es municipais de 2020, por conta do uso indevido de informa\u00e7\u00f5es nas redes sociais.<\/p>\n\n\n\n<p>No caso, uma live aberta por um ent\u00e3o assessor horas antes das elei\u00e7\u00f5es, o que configura a ilegalidade quanto ao prazo. N\u00e3o obstante, o advogado salienta que foram divulgadas informa\u00e7\u00f5es sem a devida comprova\u00e7\u00e3o ou com espa\u00e7o para direito de resposta.<\/p>\n\n\n\n<p>O assessor, o jornalista Leonardo Cesar Leal de Oliveira, que realizou a live, tamb\u00e9m foi condenado e se tornou ineleg\u00edvel, conforme a senten\u00e7a divulgada.<\/p>\n\n\n\n<p>O advogado do ex-prefeito Di\u00f3genes tamb\u00e9m salientou que a elei\u00e7\u00e3o para prefeito foi apertada, com cerca de 400 votos de diferen\u00e7a, o equivalente a 1% do eleitorado municipal.<\/p>\n\n\n\n<p><strong><em>Acompanhe tamb\u00e9m o SE Not\u00edcias no&nbsp;<a rel=\"noreferrer noopener\" href=\"https:\/\/twitter.com\/Senoticias\" target=\"_blank\">Twitter<\/a>,&nbsp;<a rel=\"noreferrer noopener\" href=\"https:\/\/www.facebook.com\/senoticias1\" target=\"_blank\">Facebook<\/a>&nbsp;e no&nbsp;<a rel=\"noreferrer noopener\" href=\"https:\/\/www.instagram.com\/senoticias\/\" target=\"_blank\">Instagram<\/a><\/em><\/strong><\/p>\n\n\n\n<p>Fonte: Fan F1<\/p>\n","protected":false},"excerpt":{"rendered":"<p>O prefeito e o vice-prefeito da cidade de Tobias Barreto foram condenados, em primeira inst\u00e2ncia, na \u00faltima sexta-feira, 9, a cassa\u00e7\u00e3o dos mandatos pol\u00edticos por abuso de de Meio de Comunica\u00e7\u00e3o Social. Contudo ainda cabe recurso e n\u00e3o significa que eles devem sair imediatamente das fun\u00e7\u00f5es. A informa\u00e7\u00e3o \u00e9 do Portal FanF1. O processo foi [&hellip;]<\/p>\n","protected":false},"author":6557,"featured_media":0,"comment_status":"closed","ping_status":"closed","sticky":false,"template":"","format":"standard","meta":{"footnotes":""},"categories":[15,6],"tags":[37296,37295,37297,468],"class_list":{"0":"post-134072","1":"post","2":"type-post","3":"status-publish","4":"format-standard","6":"category-destaques","7":"category-politica","8":"tag-cesar-prado","9":"tag-dilson-de-agripino","10":"tag-diogenes-almeida-2","11":"tag-tobias-barreto"},"_links":{"self":[{"href":"https:\/\/senoticias.com.br\/se\/wp-json\/wp\/v2\/posts\/134072"}],"collection":[{"href":"https:\/\/senoticias.com.br\/se\/wp-json\/wp\/v2\/posts"}],"about":[{"href":"https:\/\/senoticias.com.br\/se\/wp-json\/wp\/v2\/types\/post"}],"author":[{"embeddable":true,"href":"https:\/\/senoticias.com.br\/se\/wp-json\/wp\/v2\/users\/6557"}],"replies":[{"embeddable":true,"href":"https:\/\/senoticias.com.br\/se\/wp-json\/wp\/v2\/comments?post=134072"}],"version-history":[{"count":0,"href":"https:\/\/senoticias.com.br\/se\/wp-json\/wp\/v2\/posts\/134072\/revisions"}],"wp:attachment":[{"href":"https:\/\/senoticias.com.br\/se\/wp-json\/wp\/v2\/media?parent=134072"}],"wp:term":[{"taxonomy":"category","embeddable":true,"href":"https:\/\/senoticias.com.br\/se\/wp-json\/wp\/v2\/categories?post=134072"},{"taxonomy":"post_tag","embeddable":true,"href":"https:\/\/senoticias.com.br\/se\/wp-json\/wp\/v2\/tags?post=134072"}],"curies":[{"name":"wp","href":"https:\/\/api.w.org\/{rel}","templated":true}]}}