{"id":134071,"date":"2022-09-12T17:51:38","date_gmt":"2022-09-12T20:51:38","guid":{"rendered":"https:\/\/senoticias.com.br\/se\/?p=134071"},"modified":"2022-09-12T17:59:02","modified_gmt":"2022-09-12T20:59:02","slug":"134071-2","status":"publish","type":"post","link":"https:\/\/senoticias.com.br\/se\/134071-2\/","title":{"rendered":"Ap\u00f3s ter candidatura negada, Valmir de Francisquinho anuncia perman\u00eancia na disputa ao Governo de Sergipe"},"content":{"rendered":"\n<p><\/p>\n\n\n\n<p>O candidato ao Governo de Sergipe, Valmir de Francisquinho (PL), anunciou sua perman\u00eancia na disputa eleitoral durante uma coletiva de imprensa realizada na manh\u00e3 desta segunda-feira (12). A confirma\u00e7\u00e3o foi dada ap\u00f3s o registro da<strong><a href=\"https:\/\/senoticias.com.br\/se\/por-unanimidade-tre-se-nega-registro-de-candidatura-de-valmir-de-francisquinho\/\"> candidatura ser indeferido pelo Tribunal Regional Eleitoral de Sergipe<\/a><\/strong>.<\/p>\n\n\n\n<figure class=\"wp-block-image size-large\"><img loading=\"lazy\" decoding=\"async\" width=\"550\" height=\"330\" src=\"https:\/\/senoticias.com.br\/se\/wp-content\/uploads\/2022\/09\/Valmir-de-Francisquinho-SE-Noticias-2.jpg\" alt=\"\" class=\"wp-image-134075\" srcset=\"https:\/\/senoticias.com.br\/se\/wp-content\/uploads\/2022\/09\/Valmir-de-Francisquinho-SE-Noticias-2.jpg 550w, https:\/\/senoticias.com.br\/se\/wp-content\/uploads\/2022\/09\/Valmir-de-Francisquinho-SE-Noticias-2-300x180.jpg 300w\" sizes=\"(max-width: 550px) 100vw, 550px\" \/><figcaption>Valmir de Francisquinho anuncia que mant\u00e9m candidatura ao governo &#8211; Foto: ascom campanha<\/figcaption><\/figure>\n\n\n\n<p>Apesar da decis\u00e3o judicial, Valmir conquistou o direito de continuar participando de atos de campanha e usar recursos do fundo eleitoral. A defesa pretende recorrer at\u00e9 a \u00faltima inst\u00e2ncia junto ao Tribunal Superior Eleitoral (TSE).<\/p>\n\n\n\n<p>Segundo o advogado Ev\u00e2nio Moura, o nome e a foto do candidato ir\u00e3o aparecer nas urnas eletr\u00f4nicas no dia da elei\u00e7\u00e3o. &#8220;Os votos ser\u00e3o computados normalmente. Caso a revers\u00e3o judicial n\u00e3o acontecer at\u00e9 o dia 2 de outubro, [eles] n\u00e3o ser\u00e3o divulgados&#8221;, disse.<\/p>\n\n\n\n<p><strong>Entenda o caso<\/strong><\/p>\n\n\n\n<p>Valmir foi julgado por abuso de poder pol\u00edtico e econ\u00f4mico nas elei\u00e7\u00f5es de 2018. Na \u00e9poca, ele era prefeito de Itabaiana e teria participado de forma &#8220;excessiva&#8221; da campanha do filho, que era candidato a deputado estadual e tamb\u00e9m teve o mandato cassado.<\/p>\n\n\n\n<p>No m\u00eas de agosto, o ministro Lu\u00eds Roberto Barroso do Supremo Tribunal Federal (STF) indeferiu um pedido de liminar impetrado pela defesa para suspender a decis\u00e3o do TSE. A negativa ocorreu pois o acord\u00e3o ainda n\u00e3o havia sido publicado.<\/p>\n\n\n\n<p>A defesa recorreu a decis\u00e3o ap\u00f3s publica\u00e7\u00e3o do documento na semana passada, mas a decis\u00e3o foi mantida.<\/p>\n\n\n\n<p><strong><em>Acompanhe tamb\u00e9m o SE Not\u00edcias no\u00a0<a rel=\"noreferrer noopener\" href=\"https:\/\/twitter.com\/Senoticias\" target=\"_blank\">Twitter<\/a>,\u00a0<a rel=\"noreferrer noopener\" href=\"https:\/\/www.facebook.com\/senoticias1\" target=\"_blank\">Facebook<\/a>\u00a0e no\u00a0<a rel=\"noreferrer noopener\" href=\"https:\/\/www.instagram.com\/senoticias\/\" target=\"_blank\">Instagram<\/a><\/em><\/strong><\/p>\n\n\n\n<p>Fonte: A8SE.com.br<\/p>\n","protected":false},"excerpt":{"rendered":"<p>O candidato ao Governo de Sergipe, Valmir de Francisquinho (PL), anunciou sua perman\u00eancia na disputa eleitoral durante uma coletiva de imprensa realizada na manh\u00e3 desta segunda-feira (12). A confirma\u00e7\u00e3o foi dada ap\u00f3s o registro da candidatura ser indeferido pelo Tribunal Regional Eleitoral de Sergipe. Apesar da decis\u00e3o judicial, Valmir conquistou o direito de continuar participando [&hellip;]<\/p>\n","protected":false},"author":6557,"featured_media":0,"comment_status":"closed","ping_status":"closed","sticky":false,"template":"","format":"standard","meta":{"footnotes":""},"categories":[15,6,1],"tags":[12125,6106,2800],"class_list":{"0":"post-134071","1":"post","2":"type-post","3":"status-publish","4":"format-standard","6":"category-destaques","7":"category-politica","8":"category-sem-categoria","9":"tag-eleicoes-2022","10":"tag-tre","11":"tag-valmir-de-francisquinho"},"_links":{"self":[{"href":"https:\/\/senoticias.com.br\/se\/wp-json\/wp\/v2\/posts\/134071"}],"collection":[{"href":"https:\/\/senoticias.com.br\/se\/wp-json\/wp\/v2\/posts"}],"about":[{"href":"https:\/\/senoticias.com.br\/se\/wp-json\/wp\/v2\/types\/post"}],"author":[{"embeddable":true,"href":"https:\/\/senoticias.com.br\/se\/wp-json\/wp\/v2\/users\/6557"}],"replies":[{"embeddable":true,"href":"https:\/\/senoticias.com.br\/se\/wp-json\/wp\/v2\/comments?post=134071"}],"version-history":[{"count":0,"href":"https:\/\/senoticias.com.br\/se\/wp-json\/wp\/v2\/posts\/134071\/revisions"}],"wp:attachment":[{"href":"https:\/\/senoticias.com.br\/se\/wp-json\/wp\/v2\/media?parent=134071"}],"wp:term":[{"taxonomy":"category","embeddable":true,"href":"https:\/\/senoticias.com.br\/se\/wp-json\/wp\/v2\/categories?post=134071"},{"taxonomy":"post_tag","embeddable":true,"href":"https:\/\/senoticias.com.br\/se\/wp-json\/wp\/v2\/tags?post=134071"}],"curies":[{"name":"wp","href":"https:\/\/api.w.org\/{rel}","templated":true}]}}