{"id":134058,"date":"2022-09-10T06:37:57","date_gmt":"2022-09-10T09:37:57","guid":{"rendered":"https:\/\/senoticias.com.br\/se\/?p=134058"},"modified":"2022-09-10T06:42:18","modified_gmt":"2022-09-10T09:42:18","slug":"morre-aos-95-anos-wellington-elias-o-icone-do-radio-sergipano","status":"publish","type":"post","link":"https:\/\/senoticias.com.br\/se\/morre-aos-95-anos-wellington-elias-o-icone-do-radio-sergipano\/","title":{"rendered":"Morre, aos 95 anos, Wellington Elias, o \u00edcone do r\u00e1dio sergipano"},"content":{"rendered":"\n<p>O radialista e jornalista Wellington Elias, uma das vozes que marcaram a hist\u00f3ria do r\u00e1dio sergipano, Wellington Elias, o \u201c<strong>Diabinho<\/strong>\u201d, como era carinhosamente chamado, faleceu aos 90 anos nesta sexta-feira, 09, em sua casa. Ele era o radialista mais antigo de Sergipe.<\/p>\n\n\n\n<figure class=\"wp-block-image size-large\"><img loading=\"lazy\" decoding=\"async\" width=\"599\" height=\"599\" src=\"https:\/\/senoticias.com.br\/se\/wp-content\/uploads\/2022\/09\/Morre-Wellyngton-Elias-SE-Noticias.jpg\" alt=\"\" class=\"wp-image-134059\" srcset=\"https:\/\/senoticias.com.br\/se\/wp-content\/uploads\/2022\/09\/Morre-Wellyngton-Elias-SE-Noticias.jpg 599w, https:\/\/senoticias.com.br\/se\/wp-content\/uploads\/2022\/09\/Morre-Wellyngton-Elias-SE-Noticias-300x300.jpg 300w, https:\/\/senoticias.com.br\/se\/wp-content\/uploads\/2022\/09\/Morre-Wellyngton-Elias-SE-Noticias-150x150.jpg 150w\" sizes=\"(max-width: 599px) 100vw, 599px\" \/><figcaption>Jornalista Wellington Elias morre em sua resid\u00eancia e deixa um grande v\u00e1cuo no jornalismo esportivo e social de Sergipe &#8211; Foto: arquivo\/Tv Atalaia<\/figcaption><\/figure>\n\n\n\n<p>Tamb\u00e9m chamado de \u201ccomentarista do povo\u201d, Wellington Elias come\u00e7ou sua carreira na R\u00e1dio Difusora, emissora oficial do Estado, mas tamb\u00e9m acumulou passagens pela imprensa escrita, sendo um dos pioneiros do colunismo social na Gazeta de Sergipe e ainda pela TV Atalaia.<\/p>\n\n\n\n<p>Torcedor declarado do Sergipe, o radialista chegou a atuar como t\u00e9cnico na d\u00e9cada de cinquenta, comandando o Ol\u00edmpico e o Cotinguiba.<\/p>\n\n\n\n<p>O radialista Wellington Elias tornou-se refer\u00eancia para a comunica\u00e7\u00e3o sergipana porque, ao longo de sua trajet\u00f3ria, conseguiu transpor as barreiras da sua \u00e9poca.<\/p>\n\n\n\n<p>A causa da morte n\u00e3o foi divulgada, mas a fam\u00edlia divulgou que o vel\u00f3rio come\u00e7ou \u00e0s 22h ainda desta sexta-feira, na Osaf, Rua Itaporanga, no Centro de Aracaju.<\/p>\n\n\n\n<p>O corpo do radialista ser\u00e1 sepultado \u00e0s <strong>10h deste s\u00e1bado, 10<\/strong>, no <strong>cemit\u00e9rio Colina da Saudade<\/strong>, no Bairro Jabotiana.<\/p>\n\n\n\n<p><strong><em>Acompanhe tamb\u00e9m o SE Not\u00edcias no\u00a0<a rel=\"noreferrer noopener\" href=\"https:\/\/twitter.com\/Senoticias\" target=\"_blank\">Twitter<\/a>,\u00a0<a rel=\"noreferrer noopener\" href=\"https:\/\/www.facebook.com\/senoticias1\" target=\"_blank\">Facebook<\/a>\u00a0e no\u00a0<a rel=\"noreferrer noopener\" href=\"https:\/\/www.instagram.com\/senoticias\/\" target=\"_blank\">Instagram<\/a><\/em><\/strong><\/p>\n\n\n\n<p>Com informa\u00e7\u00f5es do <strong>FANF1<\/strong><\/p>\n","protected":false},"excerpt":{"rendered":"<p>O radialista e jornalista Wellington Elias, uma das vozes que marcaram a hist\u00f3ria do r\u00e1dio sergipano, Wellington Elias, o \u201cDiabinho\u201d, como era carinhosamente chamado, faleceu aos 90 anos nesta sexta-feira, 09, em sua casa. Ele era o radialista mais antigo de Sergipe. Tamb\u00e9m chamado de \u201ccomentarista do povo\u201d, Wellington Elias come\u00e7ou sua carreira na R\u00e1dio [&hellip;]<\/p>\n","protected":false},"author":6557,"featured_media":0,"comment_status":"closed","ping_status":"closed","sticky":false,"template":"","format":"standard","meta":{"footnotes":""},"categories":[15,26,1],"tags":[37290,37291],"class_list":{"0":"post-134058","1":"post","2":"type-post","3":"status-publish","4":"format-standard","6":"category-destaques","7":"category-esportes","8":"category-sem-categoria","9":"tag-morre-wellington-elias","10":"tag-o-diabinho"},"_links":{"self":[{"href":"https:\/\/senoticias.com.br\/se\/wp-json\/wp\/v2\/posts\/134058"}],"collection":[{"href":"https:\/\/senoticias.com.br\/se\/wp-json\/wp\/v2\/posts"}],"about":[{"href":"https:\/\/senoticias.com.br\/se\/wp-json\/wp\/v2\/types\/post"}],"author":[{"embeddable":true,"href":"https:\/\/senoticias.com.br\/se\/wp-json\/wp\/v2\/users\/6557"}],"replies":[{"embeddable":true,"href":"https:\/\/senoticias.com.br\/se\/wp-json\/wp\/v2\/comments?post=134058"}],"version-history":[{"count":0,"href":"https:\/\/senoticias.com.br\/se\/wp-json\/wp\/v2\/posts\/134058\/revisions"}],"wp:attachment":[{"href":"https:\/\/senoticias.com.br\/se\/wp-json\/wp\/v2\/media?parent=134058"}],"wp:term":[{"taxonomy":"category","embeddable":true,"href":"https:\/\/senoticias.com.br\/se\/wp-json\/wp\/v2\/categories?post=134058"},{"taxonomy":"post_tag","embeddable":true,"href":"https:\/\/senoticias.com.br\/se\/wp-json\/wp\/v2\/tags?post=134058"}],"curies":[{"name":"wp","href":"https:\/\/api.w.org\/{rel}","templated":true}]}}