{"id":134053,"date":"2022-09-09T14:56:32","date_gmt":"2022-09-09T17:56:32","guid":{"rendered":"https:\/\/senoticias.com.br\/se\/?p=134053"},"modified":"2022-09-09T14:56:40","modified_gmt":"2022-09-09T17:56:40","slug":"festival-filhos-fortes-acontece-dia-17-de-setembro-em-aracaju","status":"publish","type":"post","link":"https:\/\/senoticias.com.br\/se\/festival-filhos-fortes-acontece-dia-17-de-setembro-em-aracaju\/","title":{"rendered":"Festival Filhos Fortes acontece dia 17 de setembro em Aracaju"},"content":{"rendered":"\n<p>Crian\u00e7as praticantes de jiu-jitsu, jud\u00f4, karat\u00ea e full contact lotar\u00e3o a Associa\u00e7\u00e3o Atl\u00e9tica Banco do Brasil (AABB), em Aracaju, no dia 17 de setembro, no Festival Filhos Fortes. O evento organizado pelo professor, o mestre em educa\u00e7\u00e3o f\u00edsica, faixa preta em jiu-jitsu e jud\u00f4, Charles Nardelli, e idealizado pelo mestre em Karat\u00ea, Crist\u00f3v\u00e3o Bittencourt, tem como meta promover uma manh\u00e3 de interc\u00e2mbio entre crian\u00e7as e familiares, fortalecendo os aspectos biopsicossociais t\u00e3o inerentes nas boas pr\u00e1ticas de lutas.<\/p>\n\n\n\n<figure class=\"wp-block-image size-large\"><img loading=\"lazy\" decoding=\"async\" width=\"1024\" height=\"1024\" src=\"https:\/\/senoticias.com.br\/se\/wp-content\/uploads\/2022\/09\/WhatsApp-Image-2022-09-09-at-13.06.28-1024x1024.jpeg\" alt=\"\" class=\"wp-image-134054\"\/><figcaption>\nAs inscri\u00e7\u00f5es do Festival Filhos Fortes ser\u00e3o realizadas a partir das 13h da pr\u00f3xima ter\u00e7a-feira, 13 de setembro.<\/figcaption><\/figure>\n\n\n\n<p>O professor Crist\u00f3v\u00e3o Bittencourt explica que o esporte contribui na forma\u00e7\u00e3o cidad\u00e3 das crian\u00e7as e tem a capacidade de unir pessoas. \u201cDif\u00edcil pensar em esportes e n\u00e3o nos vir a ideia de competi\u00e7\u00f5es, disputas, ainda mais em se tratando de lutas. O instinto de autodefesa e de lutar tem marcas ancestrais e essas ainda s\u00e3o acesas em nossas entranhas. Em tempos de discuss\u00f5es acirradas e polariza\u00e7\u00e3o de ideias, saltam aos olhos atitudes que conglomerem ideias e pessoas\u201d, pontua.<\/p>\n\n\n\n<p>J\u00e1 o professor Charles Nardelli enfatiza que as aulas de lutas bem orquestradas podem contribuir tamb\u00e9m na sa\u00fade mental das crian\u00e7as. \u201cUm momento em que livra a crian\u00e7a um pouco da intoxica\u00e7\u00e3o digital e auxilia o desenvolvimento da capacidade de suportar e superar derrotas, tal como gerir emocionalmente as vit\u00f3rias. Interpretar os obst\u00e1culos e dificuldades como um desafio e n\u00e3o como problemas dolorosos\u201d, disse.<\/p>\n\n\n\n<p>O evento ser\u00e1 um verdadeiro entretenimento para as fam\u00edlias, realizado em um clube (AABB), \u00e0 beira da praia com muito conforto e uma programa\u00e7\u00e3o voltada para a intera\u00e7\u00e3o de toda a fam\u00edlia. Piscinas, campos de futebol, parques infantis e restaurante se somar\u00e3o ao espet\u00e1culo dos pequenos campe\u00f5es lutando.<\/p>\n\n\n\n<p>As inscri\u00e7\u00f5es do Festival Filhos Fortes ser\u00e3o realizadas a partir das 13h da pr\u00f3xima ter\u00e7a-feira, 13 de setembro, encerrando na quinta-feira, 15 de setembro, na Loja Piticas do Shopping Jardins.<\/p>\n\n\n\n<p>O festival iniciar\u00e1 \u00e0s 8h e seguir\u00e1 por toda a manh\u00e3, com hor\u00e1rios programados para cada faixa de idade, com crian\u00e7as de 3 at\u00e9 12 anos.<br><strong>SERVI\u00c7O:<br>Festival Filhos Fortes<br>Local:<\/strong> Associa\u00e7\u00e3o Atl\u00e9tica Banco do Brasil (AABB)<br><strong>Data:<\/strong> 17 de setembro de 2022<br><strong>Hor\u00e1rio:<\/strong> 8h<br><strong>Inscri\u00e7\u00f5es:<\/strong> Loja Piticas (Shopping Jardins)<\/p>\n\n\n\n<p>Thassya Bezerra<br>Assessora de imprensa (79 9 9909-7161)<\/p>\n\n\n\n<p><strong><em>Acompanhe tamb\u00e9m o SE Not\u00edcias no\u00a0<a rel=\"noreferrer noopener\" href=\"https:\/\/twitter.com\/Senoticias\" target=\"_blank\">Twitter<\/a>,\u00a0<a rel=\"noreferrer noopener\" href=\"https:\/\/www.facebook.com\/senoticias1\" target=\"_blank\">Facebook<\/a>\u00a0e no\u00a0<a rel=\"noreferrer noopener\" href=\"https:\/\/www.instagram.com\/senoticias\/\" target=\"_blank\">Instagram<\/a><\/em><\/strong><\/p>\n","protected":false},"excerpt":{"rendered":"<p>Crian\u00e7as praticantes de jiu-jitsu, jud\u00f4, karat\u00ea e full contact lotar\u00e3o a Associa\u00e7\u00e3o Atl\u00e9tica Banco do Brasil (AABB), em Aracaju, no dia 17 de setembro, no Festival Filhos Fortes. O evento organizado pelo professor, o mestre em educa\u00e7\u00e3o f\u00edsica, faixa preta em jiu-jitsu e jud\u00f4, Charles Nardelli, e idealizado pelo mestre em Karat\u00ea, Crist\u00f3v\u00e3o Bittencourt, tem [&hellip;]<\/p>\n","protected":false},"author":6557,"featured_media":0,"comment_status":"closed","ping_status":"closed","sticky":false,"template":"","format":"standard","meta":{"footnotes":""},"categories":[15,21],"tags":[37288,37287,37289],"class_list":{"0":"post-134053","1":"post","2":"type-post","3":"status-publish","4":"format-standard","6":"category-destaques","7":"category-entretenimento","8":"tag-aabb","9":"tag-festival-filhos-fortes","10":"tag-lutas"},"_links":{"self":[{"href":"https:\/\/senoticias.com.br\/se\/wp-json\/wp\/v2\/posts\/134053"}],"collection":[{"href":"https:\/\/senoticias.com.br\/se\/wp-json\/wp\/v2\/posts"}],"about":[{"href":"https:\/\/senoticias.com.br\/se\/wp-json\/wp\/v2\/types\/post"}],"author":[{"embeddable":true,"href":"https:\/\/senoticias.com.br\/se\/wp-json\/wp\/v2\/users\/6557"}],"replies":[{"embeddable":true,"href":"https:\/\/senoticias.com.br\/se\/wp-json\/wp\/v2\/comments?post=134053"}],"version-history":[{"count":0,"href":"https:\/\/senoticias.com.br\/se\/wp-json\/wp\/v2\/posts\/134053\/revisions"}],"wp:attachment":[{"href":"https:\/\/senoticias.com.br\/se\/wp-json\/wp\/v2\/media?parent=134053"}],"wp:term":[{"taxonomy":"category","embeddable":true,"href":"https:\/\/senoticias.com.br\/se\/wp-json\/wp\/v2\/categories?post=134053"},{"taxonomy":"post_tag","embeddable":true,"href":"https:\/\/senoticias.com.br\/se\/wp-json\/wp\/v2\/tags?post=134053"}],"curies":[{"name":"wp","href":"https:\/\/api.w.org\/{rel}","templated":true}]}}