{"id":134048,"date":"2022-09-09T11:48:09","date_gmt":"2022-09-09T14:48:09","guid":{"rendered":"https:\/\/senoticias.com.br\/se\/?p=134048"},"modified":"2022-09-09T15:12:11","modified_gmt":"2022-09-09T18:12:11","slug":"134048-2","status":"publish","type":"post","link":"https:\/\/senoticias.com.br\/se\/134048-2\/","title":{"rendered":"Dois investigados por roubo morrem durante Opera\u00e7\u00e3o da Pol\u00edcia Civil"},"content":{"rendered":"\n<p>Equipes da Pol\u00edcia Civil e da Pol\u00edcia Militar deflagraram uma a\u00e7\u00e3o para desarticular um grupo criminoso que praticava crimes contra o patrim\u00f4nio no interior sergipano. Na a\u00e7\u00e3o desta sexta-feira (9), foram identificados dois homens investigados pela pr\u00e1tica de um roubo no povoado Col\u00f4nia 13, em Lagarto. A a\u00e7\u00e3o policial ocorreu no povoado \u00c1gua Fria, na Zona Rural de Salgado.<\/p>\n\n\n\n<div class=\"wp-block-image\"><figure class=\"alignright size-large\"><img loading=\"lazy\" decoding=\"async\" width=\"382\" height=\"280\" src=\"https:\/\/senoticias.com.br\/se\/wp-content\/uploads\/2022\/09\/Roubos-morrem-SE-Noticias.jpg\" alt=\"\" class=\"wp-image-134055\" srcset=\"https:\/\/senoticias.com.br\/se\/wp-content\/uploads\/2022\/09\/Roubos-morrem-SE-Noticias.jpg 382w, https:\/\/senoticias.com.br\/se\/wp-content\/uploads\/2022\/09\/Roubos-morrem-SE-Noticias-300x220.jpg 300w\" sizes=\"(max-width: 382px) 100vw, 382px\" \/><figcaption>Segundo a Pol\u00edcia Civil, os homens foram encontrados na manh\u00e3 desta sexta-feira em Salgado &#8211; Foto: reprodu\u00e7\u00e3o\/SSP\/SE<\/figcaption><\/figure><\/div>\n\n\n\n<p>As investiga\u00e7\u00f5es est\u00e3o sendo conduzidas pelo delegado regional de Lagarto, Paulo Cristiano. A opera\u00e7\u00e3o foi deflagrada com a participa\u00e7\u00e3o de equipes do Centro de Opera\u00e7\u00f5es Policiais Especiais (Cope), Delegacias de Salgado, Regional de Itabaiana, Regional de Lagarto e da Pol\u00edcia Militar.<\/p>\n\n\n\n<p>No crime, que ocorreu no dia 3, quatro homens chegaram armados a um local onde pessoas estavam reunidas e renderam as v\u00edtimas. Eles obrigaram-nas a deitar no ch\u00e3o, recolheram pertences e ainda agrediram algumas das v\u00edtimas.<\/p>\n\n\n\n<p>&#8220;Durante a a\u00e7\u00e3o criminosa, as v\u00edtimas foram colocadas no ch\u00e3o, humilhadas, chutadas e uma delas teve o pesco\u00e7o e a cabe\u00e7a pisados pelos autores do crime. Eles tamb\u00e9m apontaram armas para as v\u00edtimas&#8221;, detalhou o delegado.<\/p>\n\n\n\n<p>Na manh\u00e3 desta sexta-feira, dois dos homens que participaram do crime foram localizados na Zona Rural de Salgado. Durante o cumprimento dos mandados de pris\u00e3o, eles reagiram \u00e0 abordagem policial, entraram em confronto, foram atingidos, socorridos, mas n\u00e3o resistiram e vieram a \u00f3bito.<\/p>\n\n\n\n<p>Com os investigados, que faziam parte de um grupo criminoso que agia nas cidades de Salgado, Lagarto, Boquim e regi\u00e3o do Agreste Central, foram recuperados dois rev\u00f3lveres, celulares, an\u00e9is de ouro e roupas utilizadas no crime. As buscas est\u00e3o em andamento para localizar os outros dois envolvidos no crime.<\/p>\n\n\n\n<p><strong><em>Acompanhe tamb\u00e9m o SE Not\u00edcias no\u00a0<a rel=\"noreferrer noopener\" href=\"https:\/\/twitter.com\/Senoticias\" target=\"_blank\">Twitter<\/a>,\u00a0<a rel=\"noreferrer noopener\" href=\"https:\/\/www.facebook.com\/senoticias1\" target=\"_blank\">Facebook<\/a>\u00a0e no\u00a0<a rel=\"noreferrer noopener\" href=\"https:\/\/www.instagram.com\/senoticias\/\" target=\"_blank\">Instagram<\/a><\/em><\/strong><\/p>\n\n\n\n<p>Fonte: SSP\/SE<\/p>\n","protected":false},"excerpt":{"rendered":"<p>Equipes da Pol\u00edcia Civil e da Pol\u00edcia Militar deflagraram uma a\u00e7\u00e3o para desarticular um grupo criminoso que praticava crimes contra o patrim\u00f4nio no interior sergipano. Na a\u00e7\u00e3o desta sexta-feira (9), foram identificados dois homens investigados pela pr\u00e1tica de um roubo no povoado Col\u00f4nia 13, em Lagarto. A a\u00e7\u00e3o policial ocorreu no povoado \u00c1gua Fria, na [&hellip;]<\/p>\n","protected":false},"author":6557,"featured_media":0,"comment_status":"closed","ping_status":"closed","sticky":false,"template":"","format":"standard","meta":{"footnotes":""},"categories":[15,7,1],"tags":[34391,12151,78,86,3641],"class_list":{"0":"post-134048","1":"post","2":"type-post","3":"status-publish","4":"format-standard","6":"category-destaques","7":"category-policia","8":"category-sem-categoria","9":"tag-dois-morrem-em-confronto","10":"tag-operacao-da-policia-civil","11":"tag-policia-civil","12":"tag-policia-militar","13":"tag-salgado"},"_links":{"self":[{"href":"https:\/\/senoticias.com.br\/se\/wp-json\/wp\/v2\/posts\/134048"}],"collection":[{"href":"https:\/\/senoticias.com.br\/se\/wp-json\/wp\/v2\/posts"}],"about":[{"href":"https:\/\/senoticias.com.br\/se\/wp-json\/wp\/v2\/types\/post"}],"author":[{"embeddable":true,"href":"https:\/\/senoticias.com.br\/se\/wp-json\/wp\/v2\/users\/6557"}],"replies":[{"embeddable":true,"href":"https:\/\/senoticias.com.br\/se\/wp-json\/wp\/v2\/comments?post=134048"}],"version-history":[{"count":0,"href":"https:\/\/senoticias.com.br\/se\/wp-json\/wp\/v2\/posts\/134048\/revisions"}],"wp:attachment":[{"href":"https:\/\/senoticias.com.br\/se\/wp-json\/wp\/v2\/media?parent=134048"}],"wp:term":[{"taxonomy":"category","embeddable":true,"href":"https:\/\/senoticias.com.br\/se\/wp-json\/wp\/v2\/categories?post=134048"},{"taxonomy":"post_tag","embeddable":true,"href":"https:\/\/senoticias.com.br\/se\/wp-json\/wp\/v2\/tags?post=134048"}],"curies":[{"name":"wp","href":"https:\/\/api.w.org\/{rel}","templated":true}]}}