{"id":133887,"date":"2022-08-26T14:07:30","date_gmt":"2022-08-26T17:07:30","guid":{"rendered":"https:\/\/senoticias.com.br\/se\/?p=133887"},"modified":"2022-08-26T14:07:36","modified_gmt":"2022-08-26T17:07:36","slug":"ifs-reabre-mais-de-300-vagas-para-cursos-tecnicos-subsequentes-e-superiores","status":"publish","type":"post","link":"https:\/\/senoticias.com.br\/se\/ifs-reabre-mais-de-300-vagas-para-cursos-tecnicos-subsequentes-e-superiores\/","title":{"rendered":"IFS reabre mais de 300 vagas para cursos t\u00e9cnicos subsequentes e superiores"},"content":{"rendered":"\n<p>O Instituto Federal de Sergipe reabriu dois editais para preenchimento de vagas ociosas em cursos t\u00e9cnicos subsequentes e de gradua\u00e7\u00e3o. A informa\u00e7\u00e3o foi divulgada nesta quarta-feira (24).<\/p>\n\n\n\n<figure class=\"wp-block-image size-large\"><img loading=\"lazy\" decoding=\"async\" width=\"599\" height=\"270\" src=\"https:\/\/senoticias.com.br\/se\/wp-content\/uploads\/2022\/08\/ifs-senoticias-1-e1661533420410.jpg\" alt=\"\" class=\"wp-image-133888\"\/><figcaption>\n\nOportunidades para nove campi de Sergipe prev\u00ea reserva de vagas para ampla concorr\u00eancia, pessoas com defici\u00eancia, negros, ind\u00edgenas e estudantes provenientes de escolas p\u00fablicas. &#8211; Foto Ifs<\/figcaption><\/figure>\n\n\n\n<p>A oportunidade oferta 50% das vagas para ampla concorr\u00eancia independentemente de ter estudado em escola p\u00fablica, renda ou etnia, sendo que 5% delas s\u00e3o destinadas \u00e0s pessoas com defici\u00eancia (PcD).<\/p>\n\n\n\n<p>J\u00e1 as demais vagas est\u00e3o distribu\u00eddas da seguinte forma: 25% para estudantes negros (pretos ou pardos) e ind\u00edgenas provenientes de escola p\u00fablica (com vagas espec\u00edficas para rendas maiores ou menores que 1,5 sal\u00e1rio m\u00ednimo e para pessoa com defici\u00eancia); e 25% delas aos estudantes provenientes de escolas p\u00fablicas (independentemente da etnia) com vagas espec\u00edficas para rendas maiores ou menores que 1,5 sal\u00e1rio m\u00ednimo e para pessoa com defici\u00eancia.<\/p>\n\n\n\n<p>O per\u00edodo de inscri\u00e7\u00e3o e matr\u00edcula inicia nesta sexta (26), dando continuidade nos dias 29 a 31 de agosto. O procedimento deve ser realizado de forma presencial na Coordenadoria de Registro Escolar (CRE) do campus para qual deseja ingressar, com toda documenta\u00e7\u00e3o necess\u00e1ria.<\/p>\n\n\n\n<p>As aulas do semestre letivo 2022.2 ter\u00e3o in\u00edcio em 05 de setembro. Em caso de d\u00favidas, os candidatos devem entrar em contato com o DGI atrav\u00e9s do telefone (79) 3711-1888 ou pelo e-mail: processoseletivo@ifs.edu.br.<\/p>\n\n\n\n<p><strong>Vagas<\/strong><\/p>\n\n\n\n<p>Cursos t\u00e9cnicos subsequentes (255 vagas)<\/p>\n\n\n\n<ul class=\"wp-block-list\"><li>Aracaju: Edifica\u00e7\u00f5es, Petr\u00f3leo e G\u00e1s, Qu\u00edmica, Alimentos e Guia de Turismo.<\/li><li>S\u00e3o Crist\u00f3v\u00e3o: Agropecu\u00e1ria, Agroind\u00fastria, Agrimensura, Manuten\u00e7\u00e3o e Suporte em Inform\u00e1tica.<\/li><li>Est\u00e2ncia: Eletrot\u00e9cnica e Edifica\u00e7\u00f5es.<\/li><li>Propri\u00e1 e Nossa Senhora do Socorro: Manuten\u00e7\u00e3o e Suporte em Inform\u00e1tica.<\/li><li>Itabaiana: Agroneg\u00f3cio.<\/li><li>Tobias Barreto: Com\u00e9rcio e Inform\u00e1tica.<\/li><li>Nossa Senhora da Gl\u00f3ria: Alimentos.<\/li><li>Cursos de gradua\u00e7\u00e3o (71 vagas)<\/li><\/ul>\n\n\n\n<ul class=\"wp-block-list\"><li>Aracaju: Licenciatura em Qu\u00edmica, Licenciatura em Matem\u00e1tica, Gest\u00e3o de Turismo e Saneamento Ambiental.<\/li><li>Lagarto: Licenciatura em F\u00edsica.<\/li><li>S\u00e3o Crist\u00f3v\u00e3o: Agroecologia.<\/li><li>Nossa Senhora da Gl\u00f3ria: Tecnologia em Latic\u00ednios.<\/li><\/ul>\n","protected":false},"excerpt":{"rendered":"<p>O Instituto Federal de Sergipe reabriu dois editais para preenchimento de vagas ociosas em cursos t\u00e9cnicos subsequentes e de gradua\u00e7\u00e3o. A informa\u00e7\u00e3o foi divulgada nesta quarta-feira (24). A oportunidade oferta 50% das vagas para ampla concorr\u00eancia independentemente de ter estudado em escola p\u00fablica, renda ou etnia, sendo que 5% delas s\u00e3o destinadas \u00e0s pessoas com [&hellip;]<\/p>\n","protected":false},"author":6557,"featured_media":0,"comment_status":"closed","ping_status":"closed","sticky":false,"template":"","format":"standard","meta":{"footnotes":""},"categories":[15],"tags":[35497,1965],"class_list":{"0":"post-133887","1":"post","2":"type-post","3":"status-publish","4":"format-standard","6":"category-destaques","7":"tag-cursos-tecnicos","8":"tag-ifs"},"_links":{"self":[{"href":"https:\/\/senoticias.com.br\/se\/wp-json\/wp\/v2\/posts\/133887"}],"collection":[{"href":"https:\/\/senoticias.com.br\/se\/wp-json\/wp\/v2\/posts"}],"about":[{"href":"https:\/\/senoticias.com.br\/se\/wp-json\/wp\/v2\/types\/post"}],"author":[{"embeddable":true,"href":"https:\/\/senoticias.com.br\/se\/wp-json\/wp\/v2\/users\/6557"}],"replies":[{"embeddable":true,"href":"https:\/\/senoticias.com.br\/se\/wp-json\/wp\/v2\/comments?post=133887"}],"version-history":[{"count":0,"href":"https:\/\/senoticias.com.br\/se\/wp-json\/wp\/v2\/posts\/133887\/revisions"}],"wp:attachment":[{"href":"https:\/\/senoticias.com.br\/se\/wp-json\/wp\/v2\/media?parent=133887"}],"wp:term":[{"taxonomy":"category","embeddable":true,"href":"https:\/\/senoticias.com.br\/se\/wp-json\/wp\/v2\/categories?post=133887"},{"taxonomy":"post_tag","embeddable":true,"href":"https:\/\/senoticias.com.br\/se\/wp-json\/wp\/v2\/tags?post=133887"}],"curies":[{"name":"wp","href":"https:\/\/api.w.org\/{rel}","templated":true}]}}