{"id":133884,"date":"2022-08-26T14:59:33","date_gmt":"2022-08-26T17:59:33","guid":{"rendered":"https:\/\/senoticias.com.br\/se\/?p=133884"},"modified":"2022-08-26T15:35:39","modified_gmt":"2022-08-26T18:35:39","slug":"politica-e-a-arte-do-dialogo-e-eu-converso-com-quem-for-preciso-para-melhorar-a-vida-dos-sergipanos-afirma-danielle","status":"publish","type":"post","link":"https:\/\/senoticias.com.br\/se\/politica-e-a-arte-do-dialogo-e-eu-converso-com-quem-for-preciso-para-melhorar-a-vida-dos-sergipanos-afirma-danielle\/","title":{"rendered":"\u201cPol\u00edtica \u00e9 a arte do di\u00e1logo e eu converso com quem for preciso para melhorar a vida dos sergipanos\u201d, afirma Danielle"},"content":{"rendered":"\n<p><\/p>\n\n\n\n<p>A candidata a senadora por Sergipe, a delegada Danielle Garcia (Podemos), ressaltou, durante entrevista ao Jornal da Rio, na Rio FM, nesta sexta-feira (26), a import\u00e2ncia do apoio que vem recebendo da popula\u00e7\u00e3o \u00e0 sua candidatura. Ela tamb\u00e9m comentou as ades\u00f5es de lideran\u00e7as pol\u00edticas, inclusive de outros agrupamentos, ao seu projeto, que tem como foco principal a melhoria da vida dos sergipanos.<\/p>\n\n\n\n<p>A delegada comentou os recentes an\u00fancios de apoios da prefeita de Capela, Silvany Mamlak, do prefeito Nossa Senhora das Dores, Lu\u00edz M\u00e1rio, al\u00e9m da fam\u00edlia Reis de Lagarto, por meio do candidato a deputado estadual S\u00e9rgio Reis e do deputado federal F\u00e1bio Reis. \u201cOs apoios que vieram s\u00e3o muito bem-vindos e positivos. S\u00e3o pessoas com experi\u00eancia pol\u00edtica, que t\u00eam algo a contribuir. Pol\u00edtica \u00e9 a arte do di\u00e1logo e eu converso com quem for preciso para melhorar a vida dos cidad\u00e3os do nosso estado. Para mim, Sergipe e os sergipanos est\u00e3o em primeiro lugar\u201d, enfatizou Danielle.<\/p>\n\n\n\n<figure class=\"wp-block-image size-large\"><img loading=\"lazy\" decoding=\"async\" width=\"596\" height=\"398\" src=\"https:\/\/senoticias.com.br\/se\/wp-content\/uploads\/2022\/08\/Danielle-Garcia-SE-Noticias.jpg\" alt=\"\" class=\"wp-image-133889\" srcset=\"https:\/\/senoticias.com.br\/se\/wp-content\/uploads\/2022\/08\/Danielle-Garcia-SE-Noticias.jpg 596w, https:\/\/senoticias.com.br\/se\/wp-content\/uploads\/2022\/08\/Danielle-Garcia-SE-Noticias-300x200.jpg 300w, https:\/\/senoticias.com.br\/se\/wp-content\/uploads\/2022\/08\/Danielle-Garcia-SE-Noticias-90x60.jpg 90w, https:\/\/senoticias.com.br\/se\/wp-content\/uploads\/2022\/08\/Danielle-Garcia-SE-Noticias-180x120.jpg 180w, https:\/\/senoticias.com.br\/se\/wp-content\/uploads\/2022\/08\/Danielle-Garcia-SE-Noticias-95x64.jpg 95w\" sizes=\"(max-width: 596px) 100vw, 596px\" \/><figcaption>Candidata a senadora por Sergipe, a delegada Danielle Garcia &#8211; Foto: Igor Graccho<\/figcaption><\/figure>\n\n\n\n<p>Durante a entrevista, a candidata ao Senado lembrou o resultado expressivo que obteve na elei\u00e7\u00e3o municipal em Aracaju e destacou a receptividade da popula\u00e7\u00e3o em suas agendas na capital e interior do estado. \u201cTenho sido reconhecida em todos os lugares e recebida de forma carinhosa pelos sergipanos. \u00c9 impressionante como todo mundo j\u00e1 ouviu falar na delegada, torceu na \u00faltima campanha. Estou muito feliz com toda a recep\u00e7\u00e3o e pe\u00e7o que continuem nos acompanhando, apoiando e nos deem esse voto de confian\u00e7a\u201d, afirmou.<\/p>\n\n\n\n<p>Questionada por um ouvinte sobre a destina\u00e7\u00e3o de recursos por um senador, Danielle Garcia assegurou que vai destinar suas emendas \u00e0s quais tenha direito para atender demandas do estado e dos munic\u00edpios, independente do gestor ser aliado ou n\u00e3o. \u201cN\u00e3o existe oposi\u00e7\u00e3o pol\u00edtica que me impe\u00e7a de dialogar com quem quer que seja para resolver os problemas. \u00c9 poss\u00edvel que o senador envie emendas para diversas obras e servi\u00e7os e vamos fazer isso a partir do di\u00e1logo com os gestores e a sociedade\u201d, frisou a delegada Danielle.<\/p>\n\n\n\n<p><strong><em>Acompanhe tamb\u00e9m o SE Not\u00edcias no\u00a0<a rel=\"noreferrer noopener\" href=\"https:\/\/twitter.com\/Senoticias\" target=\"_blank\">Twitter<\/a>,\u00a0<a rel=\"noreferrer noopener\" href=\"https:\/\/www.facebook.com\/senoticias1\" target=\"_blank\">Facebook<\/a>\u00a0e no\u00a0<a rel=\"noreferrer noopener\" href=\"https:\/\/www.instagram.com\/senoticias\/\" target=\"_blank\">Instagram<\/a><\/em><\/strong><\/p>\n\n\n\n<p>Fonte: ascom\/Campanha<\/p>\n","protected":false},"excerpt":{"rendered":"<p>A candidata a senadora por Sergipe, a delegada Danielle Garcia (Podemos), ressaltou, durante entrevista ao Jornal da Rio, na Rio FM, nesta sexta-feira (26), a import\u00e2ncia do apoio que vem recebendo da popula\u00e7\u00e3o \u00e0 sua candidatura. Ela tamb\u00e9m comentou as ades\u00f5es de lideran\u00e7as pol\u00edticas, inclusive de outros agrupamentos, ao seu projeto, que tem como foco [&hellip;]<\/p>\n","protected":false},"author":6557,"featured_media":0,"comment_status":"closed","ping_status":"closed","sticky":false,"template":"","format":"standard","meta":{"footnotes":""},"categories":[15,38,1],"tags":[37200,624,12125],"class_list":{"0":"post-133884","1":"post","2":"type-post","3":"status-publish","4":"format-standard","6":"category-destaques","7":"category-municipios","8":"category-sem-categoria","9":"tag-candidata-a-senadora","10":"tag-delegada-danielle-garcia","11":"tag-eleicoes-2022"},"_links":{"self":[{"href":"https:\/\/senoticias.com.br\/se\/wp-json\/wp\/v2\/posts\/133884"}],"collection":[{"href":"https:\/\/senoticias.com.br\/se\/wp-json\/wp\/v2\/posts"}],"about":[{"href":"https:\/\/senoticias.com.br\/se\/wp-json\/wp\/v2\/types\/post"}],"author":[{"embeddable":true,"href":"https:\/\/senoticias.com.br\/se\/wp-json\/wp\/v2\/users\/6557"}],"replies":[{"embeddable":true,"href":"https:\/\/senoticias.com.br\/se\/wp-json\/wp\/v2\/comments?post=133884"}],"version-history":[{"count":0,"href":"https:\/\/senoticias.com.br\/se\/wp-json\/wp\/v2\/posts\/133884\/revisions"}],"wp:attachment":[{"href":"https:\/\/senoticias.com.br\/se\/wp-json\/wp\/v2\/media?parent=133884"}],"wp:term":[{"taxonomy":"category","embeddable":true,"href":"https:\/\/senoticias.com.br\/se\/wp-json\/wp\/v2\/categories?post=133884"},{"taxonomy":"post_tag","embeddable":true,"href":"https:\/\/senoticias.com.br\/se\/wp-json\/wp\/v2\/tags?post=133884"}],"curies":[{"name":"wp","href":"https:\/\/api.w.org\/{rel}","templated":true}]}}