{"id":133878,"date":"2022-08-25T17:33:39","date_gmt":"2022-08-25T20:33:39","guid":{"rendered":"https:\/\/senoticias.com.br\/se\/?p=133878"},"modified":"2022-08-25T17:33:52","modified_gmt":"2022-08-25T20:33:52","slug":"tse-endurece-regras-e-eleitor-tera-de-deixar-celular-com-mesario-ao-votar","status":"publish","type":"post","link":"https:\/\/senoticias.com.br\/se\/tse-endurece-regras-e-eleitor-tera-de-deixar-celular-com-mesario-ao-votar\/","title":{"rendered":"TSE endurece regras e eleitor ter\u00e1 de deixar celular com mes\u00e1rio ao votar"},"content":{"rendered":"\n<p>O plen\u00e1rio do TSE (Tribunal Superior Eleitoral) endureceu as regras para garantir a seguran\u00e7a do sigilo do voto e fixou que eleitores n\u00e3o poder\u00e3o entrar nas cabines de vota\u00e7\u00e3o com aparelhos celulares, mesmo que desligados.<\/p>\n\n\n\n<figure class=\"wp-block-image size-large\"><img loading=\"lazy\" decoding=\"async\" width=\"1024\" height=\"613\" src=\"https:\/\/senoticias.com.br\/se\/wp-content\/uploads\/2022\/08\/TSJ-Se-noticias-1024x613.jpg\" alt=\"\" class=\"wp-image-133711\"\/><figcaption>O uso do equipamento j\u00e1 \u00e9 proibido por lei, mas agora os cidad\u00e3os dever\u00e3o deix\u00e1-lo com mes\u00e1rios antes de votar. &#8211; Foto: Marcelo Camargo\/Ag\u00eancia Brasil <\/figcaption><\/figure>\n\n\n\n<p>A decis\u00e3o foi proferida hoje (25) em consulta formulada pelo Uni\u00e3o Brasil, que pediu esclarecimentos sobre trechos da resolu\u00e7\u00e3o sobre a proibi\u00e7\u00e3o. Os mes\u00e1rios poder\u00e3o acionar o juiz eleitoral em caso de descumprimento da norma e a Pol\u00edcia Militar poder\u00e1 ser chamada ao local<\/p>\n\n\n\n<p>Durante o julgamento, o ministro Alexandre de Moraes, presidente do TSE, disse que o tema \u00e9 uma das preocupa\u00e7\u00f5es trazidas pelos comandantes das pol\u00edcias militares realizada ontem. Moraes mencionou tr\u00eas cen\u00e1rios que, segundo ele, preocupam a Corte Eleitoral que justificam a medida: O eleitor que \u00e9 coagido por grupos criminosos para gravar o voto em determinado candidato escolhido por mil\u00edcias; O eleitor que recebe uma vantagem indevida para votar em determinado candidato e grava o v\u00eddeo para demonstrar a compra do voto; E o eleitor que intencionalmente vota de forma incorreta, usando n\u00fameros incorretos ou inexistentes, para gravar o voto e dizer que as urnas estariam com defeito ou fraudadas.<\/p>\n\n\n\n<p>Moraes n\u00e3o deixou claro se algumas das duas primeiras hip\u00f3teses de fato foram ocorrem recentemente. Ele, por\u00e9m, relembrou indiretamente epis\u00f3dios ocorridos em 2018 e em 2020, quando eleitores gravaram o procedimento de voto de forma enganosa, apertando os n\u00fameros inexistentes para acusar suposta &#8220;fraude&#8221; nas urnas.<\/p>\n\n\n\n<p>&#8220;Digita o n\u00famero n\u00e3o existente ou que seria de presidente para deputado, a\u00ed n\u00e3o aparece n\u00famero, n\u00e3o aparece rosto, e monta um v\u00eddeo para indicar que houve um problema nas urnas eletr\u00f4nicas&#8221;, disse Moraes.<\/p>\n\n\n\n<blockquote class=\"wp-block-quote is-layout-flow wp-block-quote-is-layout-flow\"><p>O ministro relembrou que o TSE havia flexibilizado o porte de celular na cabine, permitindo ao eleitor que ficasse com o aparelho, desde que desligado e no bolso. A \u00faltima resolu\u00e7\u00e3o sobre o tema publicada em dezembro do ano passado definia somente que o celular ficasse desligado, &#8220;sem manuseio na cabine de vota\u00e7\u00e3o&#8221;.<br>N\u00f3s percebemos isso que n\u00e3o \u00e9 satisfat\u00f3rio, uma vez que o mes\u00e1rio n\u00e3o pode ingressar na cabine, que \u00e9 indevass\u00e1vel, para ver se a pessoa ligou ou n\u00e3o o celular &#8211; Alexandre de Moraes, presidente do TSE<\/p><\/blockquote>\n\n\n\n<p>O ministro Ricardo Lewandowski, vice-presidente do TSE, concordou com a posi\u00e7\u00e3o e disse ser uma solu\u00e7\u00e3o &#8220;pr\u00e1tica e pragm\u00e1tica&#8221; para garantir a seguran\u00e7a do voto<\/p>\n\n\n\n<p>&#8220;Se em um momento determinado em que os \u00e2nimos n\u00e3o estavam t\u00e3o exaltados e o pa\u00eds n\u00e3o estava t\u00e3o polarizado, a nossa resolu\u00e7\u00e3o permitiu estabelecer uma certa flexibilidade nesta quest\u00e3o, o momento agora requer tenhamos uma posi\u00e7\u00e3o bem firme&#8221;, afirmou.<br>A ministra C\u00e1rmen L\u00facia frisou que a cabine de vota\u00e7\u00e3o \u00e9 &#8220;indevass\u00e1vel&#8221; e que a restri\u00e7\u00e3o visa o direito do sigilo do voto do eleitor, e n\u00e3o pode ser vista como &#8220;mera burocracia&#8221; da Justi\u00e7a Eleitoral.<\/p>\n\n\n\n<p>&#8220;A cabine \u00e9 indevass\u00e1vel. O voto \u00e9 o cidad\u00e3o com ele mesmo. Costumo dizer em sala de aula: \u00e9 um momento ele com ele mesmo. Nem com Deus, nem com dem\u00f4nio, nem com ningu\u00e9m. \u00c9 o cidad\u00e3o com ele mesmo. E isso \u00e9 um direito de sua identidade pol\u00edtica expressa naquele momento&#8221;, disse C\u00e1rmen.<\/p>\n\n\n\n<p>Al\u00e9m do endurecimento das regras para o porte de celulares, o plen\u00e1rio tamb\u00e9m fixou que ju\u00edzes eleitorais poder\u00e3o solicitar, excepcionalmente, o uso de detectores de metal nas se\u00e7\u00f5es eleitorais. O uso do equipamento ser\u00e1 em situa\u00e7\u00f5es pontuais e sempre com justificativa.<\/p>\n\n\n\n<p>Os ministros marcaram para a pr\u00f3xima ter\u00e7a (30) uma vota\u00e7\u00e3o da minuta de resolu\u00e7\u00e3o que tratar\u00e1 do novo texto sobre a proibi\u00e7\u00e3o.<\/p>\n\n\n\n<p><strong><em>Acompanhe tamb\u00e9m o SE Not\u00edcias no\u00a0<a rel=\"noreferrer noopener\" href=\"https:\/\/twitter.com\/Senoticias\" target=\"_blank\">Twitter<\/a>,\u00a0<a rel=\"noreferrer noopener\" href=\"https:\/\/www.facebook.com\/senoticias1\" target=\"_blank\">Facebook<\/a>\u00a0e no\u00a0<a rel=\"noreferrer noopener\" href=\"https:\/\/www.instagram.com\/senoticias\/\" target=\"_blank\">Instagram<\/a><\/em><\/strong><\/p>\n\n\n\n<p>Fonte UOL<\/p>\n","protected":false},"excerpt":{"rendered":"<p>O plen\u00e1rio do TSE (Tribunal Superior Eleitoral) endureceu as regras para garantir a seguran\u00e7a do sigilo do voto e fixou que eleitores n\u00e3o poder\u00e3o entrar nas cabines de vota\u00e7\u00e3o com aparelhos celulares, mesmo que desligados. A decis\u00e3o foi proferida hoje (25) em consulta formulada pelo Uni\u00e3o Brasil, que pediu esclarecimentos sobre trechos da resolu\u00e7\u00e3o sobre [&hellip;]<\/p>\n","protected":false},"author":6557,"featured_media":0,"comment_status":"closed","ping_status":"closed","sticky":false,"template":"","format":"standard","meta":{"footnotes":""},"categories":[15,2961,6],"tags":[550,13690,3445],"class_list":{"0":"post-133878","1":"post","2":"type-post","3":"status-publish","4":"format-standard","6":"category-destaques","7":"category-nacional","8":"category-politica","9":"tag-tse","10":"tag-uso-de-celular","11":"tag-votacao"},"_links":{"self":[{"href":"https:\/\/senoticias.com.br\/se\/wp-json\/wp\/v2\/posts\/133878"}],"collection":[{"href":"https:\/\/senoticias.com.br\/se\/wp-json\/wp\/v2\/posts"}],"about":[{"href":"https:\/\/senoticias.com.br\/se\/wp-json\/wp\/v2\/types\/post"}],"author":[{"embeddable":true,"href":"https:\/\/senoticias.com.br\/se\/wp-json\/wp\/v2\/users\/6557"}],"replies":[{"embeddable":true,"href":"https:\/\/senoticias.com.br\/se\/wp-json\/wp\/v2\/comments?post=133878"}],"version-history":[{"count":0,"href":"https:\/\/senoticias.com.br\/se\/wp-json\/wp\/v2\/posts\/133878\/revisions"}],"wp:attachment":[{"href":"https:\/\/senoticias.com.br\/se\/wp-json\/wp\/v2\/media?parent=133878"}],"wp:term":[{"taxonomy":"category","embeddable":true,"href":"https:\/\/senoticias.com.br\/se\/wp-json\/wp\/v2\/categories?post=133878"},{"taxonomy":"post_tag","embeddable":true,"href":"https:\/\/senoticias.com.br\/se\/wp-json\/wp\/v2\/tags?post=133878"}],"curies":[{"name":"wp","href":"https:\/\/api.w.org\/{rel}","templated":true}]}}