{"id":133763,"date":"2022-08-17T20:46:55","date_gmt":"2022-08-17T23:46:55","guid":{"rendered":"https:\/\/senoticias.com.br\/se\/?p=133763"},"modified":"2022-08-17T22:34:51","modified_gmt":"2022-08-18T01:34:51","slug":"ministerio-publico-eleitoral-de-sergipe-pede-impugnacao-de-seis-candidaturas-para-governador-e-deputado","status":"publish","type":"post","link":"https:\/\/senoticias.com.br\/se\/ministerio-publico-eleitoral-de-sergipe-pede-impugnacao-de-seis-candidaturas-para-governador-e-deputado\/","title":{"rendered":"Minist\u00e9rio P\u00fablico Eleitoral pede impugna\u00e7\u00e3o de seis candidaturas em Sergipe; veja os nomes"},"content":{"rendered":"\n<p><\/p>\n\n\n\n<p><\/p>\n\n\n\n<p>O Minist\u00e9rio P\u00fablico Eleitoral, por meio da Procuradoria Regional Eleitoral em Sergipe, impugnou seis candidaturas junto ao Tribunal Regional Eleitoral em Sergipe (TRE\/SE) por descumprimento de requisitos da Lei da Ficha Limpa (Lei Complementar 135\/2010). Os impugnados s\u00e3o Valmir dos Santos Costa, o Valmir de Francisquinho, candidato a governador, os candidatos a deputado estadual Talysson Barbosa Costa, o Talisson de Valmir,  e Christiano Rog\u00e9rio R\u00eago Cavalcante, e os candidatos a deputado federal Jos\u00e9 Valdevan de Jesus Santos, o Valdevan 90, Fabio Henrique Santana de Carvalho, e Andr\u00e9 Luis Dantas Ferreira, o Andr\u00e9 Moura. O TRE\/SE vai decidir se acata ou n\u00e3o as impugna\u00e7\u00f5es.<\/p>\n\n\n\n<figure class=\"wp-block-image size-large\"><img loading=\"lazy\" decoding=\"async\" width=\"576\" height=\"1024\" src=\"https:\/\/senoticias.com.br\/se\/wp-content\/uploads\/2022\/08\/Imgnados-SE-noticias.jpg\" alt=\"\" class=\"wp-image-133764\" srcset=\"https:\/\/senoticias.com.br\/se\/wp-content\/uploads\/2022\/08\/Imgnados-SE-noticias.jpg 576w, https:\/\/senoticias.com.br\/se\/wp-content\/uploads\/2022\/08\/Imgnados-SE-noticias-169x300.jpg 169w\" sizes=\"(max-width: 576px) 100vw, 576px\" \/><figcaption>Valmir de Francisquinho, Talysson de Valmir, Fabio Henrique, Andr\u00e9 Moura, Valdevan 90 e Christiano Cavalcante tiveram as candidaturas impugnadas por crit\u00e9rios da Lei da Ficha Limpa &#8211; Foto montagem\/redes sociais<\/figcaption><\/figure>\n\n\n\n<p>Valmir de Francisquinho, candidato a governador do Estado, e seu filho Talysson de Valmir, candidato a deputado estadual, tiveram as candidaturas contestadas pelo MP Eleitoral por terem sido condenados por abuso de poder pol\u00edtico e econ\u00f4mico nas elei\u00e7\u00f5es de 2018. De acordo com a a\u00e7\u00e3o, Valmir de Francisquinho, que era prefeito do munic\u00edpio de Itabaiana \u00e0 \u00e9poca, usou da estrutura da prefeitura para potencializar a campanha eleitoral do filho. A condena\u00e7\u00e3o do TRE\/SE j\u00e1 foi confirmada pelo Tribunal Superior Eleitoral (TSE). O MP Eleitoral argumenta que a condena\u00e7\u00e3o leva \u00e0 inelegibilidade por oito anos, a contar das elei\u00e7\u00f5es de 2018, consequentemente, h\u00e1 impedimento aos dois de se candidatarem at\u00e9 2026.<\/p>\n\n\n\n<p>Uma condena\u00e7\u00e3o por abuso de poder pol\u00edtico e econ\u00f4mico tamb\u00e9m levou \u00e0 impugna\u00e7\u00e3o da candidatura de Christiano Cavalcante a deputado estadual. Cavalcante \u00e9 ex-prefeito de Ilha das Flores e foi condenado ap\u00f3s as elei\u00e7\u00f5es de 2016, por ter usado recursos do munic\u00edpio na reelei\u00e7\u00e3o, ao pintar os pr\u00e9dios p\u00fablicos da cidade com as cores de sua campanha eleitoral. Pela condena\u00e7\u00e3o, argumenta o MP, o candidato est\u00e1 ineleg\u00edvel at\u00e9 2024, oito anos ap\u00f3s o pleito de 2016.<\/p>\n\n\n\n<p>Pelo mesmo crit\u00e9rio, foi impugnada a candidatura de Valdevan 90 \u00e0 C\u00e2mara dos Deputados, j\u00e1 que o candidato foi condenado por abuso de poder econ\u00f4mico nas elei\u00e7\u00f5es de 2018. Na ocasi\u00e3o, a investiga\u00e7\u00e3o do MP Eleitoral identificou fraude na presta\u00e7\u00e3o de contas de campanha do candidato, com dep\u00f3sitos e doadores irregulares, e a condena\u00e7\u00e3o do TRE\/SE j\u00e1 foi confirmada pelo TSE.<\/p>\n\n\n\n<p>O outro candidato a deputado federal, Andr\u00e9 Moura, teve o registro de candidatura impugnado por condena\u00e7\u00f5es em crimes contra a Administra\u00e7\u00e3o P\u00fablica e o patrim\u00f4nio p\u00fablico, praticado por organiza\u00e7\u00e3o criminosa, quadrilha ou bando. Moura tem condena\u00e7\u00f5es por usar a Prefeitura de Pirambu para adquirir alimentos e bebidas alco\u00f3licas em favor pr\u00f3prio e por uso pessoal de linhas telef\u00f4nicas e ve\u00edculos do munic\u00edpio. De acordo com o MP Eleitoral, a legisla\u00e7\u00e3o determina inelegibilidade de oito anos ap\u00f3s o cumprimento da pena, o que impede Andr\u00e9 Moura de se candidatar no pleito de 2022.<\/p>\n\n\n\n<p>J\u00e1 F\u00e1bio Henrique Santana de Carvalho, ex-prefeito de Nossa Senhora do Socorro, teve a impugna\u00e7\u00e3o do registro de candidatura protocolada no TRE por ter tido contas do munic\u00edpio rejeitadas pelo Tribunal de Contas da Uni\u00e3o (TCU) durante o mandato. O TCU analisou irregularidades na aplica\u00e7\u00e3o de recursos federais repassados pelo Minist\u00e9rio do Trabalho ao munic\u00edpio no \u00e2mbito do programa Projovem Trabalhador.<\/p>\n\n\n\n<p>O Tribunal decidiu pela rejei\u00e7\u00e3o das contas e condenou F\u00e1bio Henrique a ressarcir R$ 1,067 milh\u00e3o aos cofres p\u00fablicos. Pelas mesmas irregularidades, o Minist\u00e9rio P\u00fablico Federal ajuizou a\u00e7\u00e3o de improbidade administrativa contra o ex-prefeito. O MP Eleitoral destaca que o candidato est\u00e1 ineleg\u00edvel at\u00e9 2026, oito anos ap\u00f3s a condena\u00e7\u00e3o pelo TCU.<\/p>\n\n\n\n<p><strong><em>Acompanhe tamb\u00e9m o SE Not\u00edcias no\u00a0<a rel=\"noreferrer noopener\" href=\"https:\/\/twitter.com\/Senoticias\" target=\"_blank\">Twitter<\/a>,\u00a0<a rel=\"noreferrer noopener\" href=\"https:\/\/www.facebook.com\/senoticias1\" target=\"_blank\">Facebook<\/a>\u00a0e no\u00a0<a rel=\"noreferrer noopener\" href=\"https:\/\/www.instagram.com\/senoticias\/\" target=\"_blank\">Instagram<\/a><\/em><\/strong><\/p>\n\n\n\n<p>Assessoria de Comunica\u00e7\u00e3o<br>Minist\u00e9rio P\u00fablico Federal em Sergipe<\/p>\n","protected":false},"excerpt":{"rendered":"<p>O Minist\u00e9rio P\u00fablico Eleitoral, por meio da Procuradoria Regional Eleitoral em Sergipe, impugnou seis candidaturas junto ao Tribunal Regional Eleitoral em Sergipe (TRE\/SE) por descumprimento de requisitos da Lei da Ficha Limpa (Lei Complementar 135\/2010). Os impugnados s\u00e3o Valmir dos Santos Costa, o Valmir de Francisquinho, candidato a governador, os candidatos a deputado estadual Talysson [&hellip;]<\/p>\n","protected":false},"author":6557,"featured_media":0,"comment_status":"closed","ping_status":"closed","sticky":false,"template":"","format":"standard","meta":{"footnotes":""},"categories":[15,6,1],"tags":[36199,37148,546,4072],"class_list":{"0":"post-133763","1":"post","2":"type-post","3":"status-publish","4":"format-standard","6":"category-destaques","7":"category-politica","8":"category-sem-categoria","9":"tag-eleicoes-20222","10":"tag-impugnacao-de-seis-candidaturas","11":"tag-ministerio-publico-eleitoral","12":"tag-procuradoria-regional-eleitoral"},"_links":{"self":[{"href":"https:\/\/senoticias.com.br\/se\/wp-json\/wp\/v2\/posts\/133763"}],"collection":[{"href":"https:\/\/senoticias.com.br\/se\/wp-json\/wp\/v2\/posts"}],"about":[{"href":"https:\/\/senoticias.com.br\/se\/wp-json\/wp\/v2\/types\/post"}],"author":[{"embeddable":true,"href":"https:\/\/senoticias.com.br\/se\/wp-json\/wp\/v2\/users\/6557"}],"replies":[{"embeddable":true,"href":"https:\/\/senoticias.com.br\/se\/wp-json\/wp\/v2\/comments?post=133763"}],"version-history":[{"count":0,"href":"https:\/\/senoticias.com.br\/se\/wp-json\/wp\/v2\/posts\/133763\/revisions"}],"wp:attachment":[{"href":"https:\/\/senoticias.com.br\/se\/wp-json\/wp\/v2\/media?parent=133763"}],"wp:term":[{"taxonomy":"category","embeddable":true,"href":"https:\/\/senoticias.com.br\/se\/wp-json\/wp\/v2\/categories?post=133763"},{"taxonomy":"post_tag","embeddable":true,"href":"https:\/\/senoticias.com.br\/se\/wp-json\/wp\/v2\/tags?post=133763"}],"curies":[{"name":"wp","href":"https:\/\/api.w.org\/{rel}","templated":true}]}}