{"id":133739,"date":"2022-08-16T19:52:31","date_gmt":"2022-08-16T22:52:31","guid":{"rendered":"https:\/\/senoticias.com.br\/se\/?p=133739"},"modified":"2022-08-16T19:52:36","modified_gmt":"2022-08-16T22:52:36","slug":"ministro-alexandre-de-moraes-toma-posse-como-presidente-do-tse","status":"publish","type":"post","link":"https:\/\/senoticias.com.br\/se\/ministro-alexandre-de-moraes-toma-posse-como-presidente-do-tse\/","title":{"rendered":"Ministro Alexandre de Moraes toma posse como presidente do TSE"},"content":{"rendered":"\n<p><\/p>\n\n\n\n<p>O ministro Alexandre de Moraes toma posse hoje (16) no cargo de presidente do Tribunal Superior Eleitoral (TSE). O vice-presidente ser\u00e1 o ministro Ricardo Lewandowski.<\/p>\n\n\n\n<figure class=\"wp-block-image size-large\"><img loading=\"lazy\" decoding=\"async\" width=\"591\" height=\"353\" src=\"https:\/\/senoticias.com.br\/se\/wp-content\/uploads\/2022\/08\/Alexandre-Moraes-SE-Noticias.jpg\" alt=\"\" class=\"wp-image-133740\" srcset=\"https:\/\/senoticias.com.br\/se\/wp-content\/uploads\/2022\/08\/Alexandre-Moraes-SE-Noticias.jpg 591w, https:\/\/senoticias.com.br\/se\/wp-content\/uploads\/2022\/08\/Alexandre-Moraes-SE-Noticias-300x179.jpg 300w\" sizes=\"(max-width: 591px) 100vw, 591px\" \/><figcaption>Em junho, Alexandre de de Moraes foi eleito para comandar o tribunal &#8211; Foto: F\u00e1bio Rodrigues\/Abr<\/figcaption><\/figure>\n\n\n\n<p>A cerim\u00f4nia est\u00e1 prevista para come\u00e7ar \u00e0s 19h e deve contar com a presen\u00e7a do presidente Jair Bolsonaro, dos presidentes do Senado, Rodrigo Pacheco, e do Supremo Tribunal Federal (STF), Luiz Fux, al\u00e9m de ex-presidentes de Rep\u00fablica e candidatos \u00e0 presid\u00eancia nas elei\u00e7\u00f5es de outubro.<\/p>\n\n\n\n<p>Em junho, Moraes foi eleito de forma simb\u00f3lica para comandar o tribunal, que \u00e9 respons\u00e1vel pela organiza\u00e7\u00e3o do pleito.<\/p>\n\n\n\n<p>A elei\u00e7\u00e3o \u00e9 uma formalidade de praxe que \u00e9 feita pelo TSE. Atualmente, Alexandre de Moraes ocupa o cargo de vice-presidente. Com o cumprimento do mandato de Edson Fachin, atual presidente, Moraes passar\u00e1 a presidir a Corte Eleitoral.<\/p>\n\n\n\n<p>Moraes, que tamb\u00e9m \u00e9 ministro do STF, passou a atuar no TSE em abril de 2017 como ministro substituto. Desde 2020, atua na fun\u00e7\u00e3o de ministro efetivo do tribunal.<\/p>\n\n\n\n<p>O TSE \u00e9 composto por sete ministros, sendo tr\u00eas do STF, dois do Superior Tribunal de Justi\u00e7a (STJ) e dois membros da advocacia indicados pelo presidente da Rep\u00fablica.<\/p>\n\n\n\n<p><strong><em>Acompanhe tamb\u00e9m o SE Not\u00edcias no\u00a0<a rel=\"noreferrer noopener\" href=\"https:\/\/twitter.com\/Senoticias\" target=\"_blank\">Twitter<\/a>,\u00a0<a rel=\"noreferrer noopener\" href=\"https:\/\/www.facebook.com\/senoticias1\" target=\"_blank\">Facebook<\/a>\u00a0e no\u00a0<a rel=\"noreferrer noopener\" href=\"https:\/\/www.instagram.com\/senoticias\/\" target=\"_blank\">Instagram<\/a><\/em><\/strong><\/p>\n\n\n\n<p>Fonte: Ag\u00eancia Brasil<\/p>\n","protected":false},"excerpt":{"rendered":"<p>O ministro Alexandre de Moraes toma posse hoje (16) no cargo de presidente do Tribunal Superior Eleitoral (TSE). O vice-presidente ser\u00e1 o ministro Ricardo Lewandowski. A cerim\u00f4nia est\u00e1 prevista para come\u00e7ar \u00e0s 19h e deve contar com a presen\u00e7a do presidente Jair Bolsonaro, dos presidentes do Senado, Rodrigo Pacheco, e do Supremo Tribunal Federal (STF), [&hellip;]<\/p>\n","protected":false},"author":6557,"featured_media":0,"comment_status":"closed","ping_status":"closed","sticky":false,"template":"","format":"standard","meta":{"footnotes":""},"categories":[15,2961],"tags":[6258,11863,549,550],"class_list":{"0":"post-133739","1":"post","2":"type-post","3":"status-publish","4":"format-standard","6":"category-destaques","7":"category-nacional","8":"tag-alexandre-de-moraes","9":"tag-ministro-alexandre-de-moraes","10":"tag-tribunal-superior-eleitoral","11":"tag-tse"},"_links":{"self":[{"href":"https:\/\/senoticias.com.br\/se\/wp-json\/wp\/v2\/posts\/133739"}],"collection":[{"href":"https:\/\/senoticias.com.br\/se\/wp-json\/wp\/v2\/posts"}],"about":[{"href":"https:\/\/senoticias.com.br\/se\/wp-json\/wp\/v2\/types\/post"}],"author":[{"embeddable":true,"href":"https:\/\/senoticias.com.br\/se\/wp-json\/wp\/v2\/users\/6557"}],"replies":[{"embeddable":true,"href":"https:\/\/senoticias.com.br\/se\/wp-json\/wp\/v2\/comments?post=133739"}],"version-history":[{"count":0,"href":"https:\/\/senoticias.com.br\/se\/wp-json\/wp\/v2\/posts\/133739\/revisions"}],"wp:attachment":[{"href":"https:\/\/senoticias.com.br\/se\/wp-json\/wp\/v2\/media?parent=133739"}],"wp:term":[{"taxonomy":"category","embeddable":true,"href":"https:\/\/senoticias.com.br\/se\/wp-json\/wp\/v2\/categories?post=133739"},{"taxonomy":"post_tag","embeddable":true,"href":"https:\/\/senoticias.com.br\/se\/wp-json\/wp\/v2\/tags?post=133739"}],"curies":[{"name":"wp","href":"https:\/\/api.w.org\/{rel}","templated":true}]}}