{"id":133692,"date":"2022-08-12T20:15:42","date_gmt":"2022-08-12T23:15:42","guid":{"rendered":"https:\/\/senoticias.com.br\/se\/?p=133692"},"modified":"2022-08-12T20:46:34","modified_gmt":"2022-08-12T23:46:34","slug":"missa-marca-celebracoes-em-homenagem-a-santa-dulce-dos-pobres-neste-sabado-em-sao-cristovao","status":"publish","type":"post","link":"https:\/\/senoticias.com.br\/se\/missa-marca-celebracoes-em-homenagem-a-santa-dulce-dos-pobres-neste-sabado-em-sao-cristovao\/","title":{"rendered":"Missa marca celebra\u00e7\u00f5es em homenagem \u00e0 Santa Dulce dos Pobres neste s\u00e1bado em S\u00e3o Crist\u00f3v\u00e3o"},"content":{"rendered":"\n<p>Neste s\u00e1bado (13), Dia de Santa Dulce dos Pobres, acontece na Igreja do Carmo, na sede do munic\u00edpio de S\u00e3o Crist\u00f3v\u00e3o, uma missa festiva em homenagem \u00e0 Santa Dulce dos Pobres. A celebra\u00e7\u00e3o est\u00e1 marcada para \u00e0s 17h.<\/p>\n\n\n\n<figure class=\"wp-block-image size-large\"><img loading=\"lazy\" decoding=\"async\" width=\"591\" height=\"788\" src=\"https:\/\/senoticias.com.br\/se\/wp-content\/uploads\/2022\/08\/Santa-Dulce-dos-Pobres-SE-Noticias.jpg\" alt=\"\" class=\"wp-image-133694\" srcset=\"https:\/\/senoticias.com.br\/se\/wp-content\/uploads\/2022\/08\/Santa-Dulce-dos-Pobres-SE-Noticias.jpg 591w, https:\/\/senoticias.com.br\/se\/wp-content\/uploads\/2022\/08\/Santa-Dulce-dos-Pobres-SE-Noticias-225x300.jpg 225w\" sizes=\"(max-width: 591px) 100vw, 591px\" \/><figcaption>A primeira santa brasileira \u00e9 baiana e morou em S\u00e3o Crist\u00f3v\u00e3o, no ano de 1933 &#8211; Foto: SE Not\u00edcias<\/figcaption><\/figure>\n\n\n\n<p>A missa acontece na igreja que fica na \u00e1rea do convento onde Santa Dulce morou, quando tornou-se freira.<\/p>\n\n\n\n<p>Santa Dulce dos Pobres, freira baiana, tem uma hist\u00f3ria que se relaciona profundamente com Sergipe. Foi no munic\u00edpio de S\u00e3o Crist\u00f3v\u00e3o, no ano de 1933, que ela foi consagrada freira, ap\u00f3s sua morte em 1992 em Salvador (BA), os cat\u00f3licos pediram o reconhecimento da Igreja \u00e0 ela.<\/p>\n\n\n\n<p>Em 2001, enquanto uma malhadorense sofria uma grande hemorragia na Maternidade S\u00e3o Jos\u00e9, em Itabaiana, ocorreu uma cura n\u00e3o explicada pela medicina, e ap\u00f3s anos de investiga\u00e7\u00f5es do vaticano, o milagre foi atribu\u00eddo \u00e0 intercess\u00e3o da freira baiana, a tornando beata em 2011 pelo Papa Bento XVI. Em 2019, a freira finalmente subiu aos altares, quando foi canonizada pelo Papa Francisco.<\/p>\n\n\n\n<p><strong><em>Acompanhe tamb\u00e9m o SE Not\u00edcias no\u00a0<a rel=\"noreferrer noopener\" href=\"https:\/\/twitter.com\/Senoticias\" target=\"_blank\">Twitter<\/a>,\u00a0<a rel=\"noreferrer noopener\" href=\"https:\/\/www.facebook.com\/senoticias1\" target=\"_blank\">Facebook<\/a>\u00a0e no\u00a0<a rel=\"noreferrer noopener\" href=\"https:\/\/www.instagram.com\/senoticias\/\" target=\"_blank\">Instagram<\/a><\/em><\/strong><\/p>\n\n\n\n<p>Fonte: <strong><a href=\"https:\/\/g1.globo.com\/se\/sergipe\/noticia\/2022\/08\/12\/missa-marca-celebracoes-em-homenagem-a-santa-dulce-dos-pobres-neste-sabado-em-sao-cristovao.ghtml\">G1<\/a><\/strong>SE<\/p>\n","protected":false},"excerpt":{"rendered":"<p>Neste s\u00e1bado (13), Dia de Santa Dulce dos Pobres, acontece na Igreja do Carmo, na sede do munic\u00edpio de S\u00e3o Crist\u00f3v\u00e3o, uma missa festiva em homenagem \u00e0 Santa Dulce dos Pobres. A celebra\u00e7\u00e3o est\u00e1 marcada para \u00e0s 17h. A missa acontece na igreja que fica na \u00e1rea do convento onde Santa Dulce morou, quando tornou-se [&hellip;]<\/p>\n","protected":false},"author":6557,"featured_media":0,"comment_status":"closed","ping_status":"closed","sticky":false,"template":"","format":"standard","meta":{"footnotes":""},"categories":[15,46,1],"tags":[37108,37107,13205],"class_list":{"0":"post-133692","1":"post","2":"type-post","3":"status-publish","4":"format-standard","6":"category-destaques","7":"category-religiao","8":"category-sem-categoria","9":"tag-dia-de-santa-dulce-dos-pobres","10":"tag-missa-santa-dulce","11":"tag-santa-dulce-dos-pobres"},"_links":{"self":[{"href":"https:\/\/senoticias.com.br\/se\/wp-json\/wp\/v2\/posts\/133692"}],"collection":[{"href":"https:\/\/senoticias.com.br\/se\/wp-json\/wp\/v2\/posts"}],"about":[{"href":"https:\/\/senoticias.com.br\/se\/wp-json\/wp\/v2\/types\/post"}],"author":[{"embeddable":true,"href":"https:\/\/senoticias.com.br\/se\/wp-json\/wp\/v2\/users\/6557"}],"replies":[{"embeddable":true,"href":"https:\/\/senoticias.com.br\/se\/wp-json\/wp\/v2\/comments?post=133692"}],"version-history":[{"count":0,"href":"https:\/\/senoticias.com.br\/se\/wp-json\/wp\/v2\/posts\/133692\/revisions"}],"wp:attachment":[{"href":"https:\/\/senoticias.com.br\/se\/wp-json\/wp\/v2\/media?parent=133692"}],"wp:term":[{"taxonomy":"category","embeddable":true,"href":"https:\/\/senoticias.com.br\/se\/wp-json\/wp\/v2\/categories?post=133692"},{"taxonomy":"post_tag","embeddable":true,"href":"https:\/\/senoticias.com.br\/se\/wp-json\/wp\/v2\/tags?post=133692"}],"curies":[{"name":"wp","href":"https:\/\/api.w.org\/{rel}","templated":true}]}}