{"id":133690,"date":"2022-08-12T18:19:02","date_gmt":"2022-08-12T21:19:02","guid":{"rendered":"https:\/\/senoticias.com.br\/se\/?p=133690"},"modified":"2022-08-12T18:19:08","modified_gmt":"2022-08-12T21:19:08","slug":"suspeito-morre-em-confronto-apos-roubar-carro-e-ameacar-jogar-bebe","status":"publish","type":"post","link":"https:\/\/senoticias.com.br\/se\/suspeito-morre-em-confronto-apos-roubar-carro-e-ameacar-jogar-bebe\/","title":{"rendered":"Suspeito morre em confronto ap\u00f3s roubar carro e amea\u00e7ar jogar beb\u00ea"},"content":{"rendered":"\n<p><\/p>\n\n\n\n<p>Policiais militares do Batalh\u00e3o de Policiamento Tur\u00edstico apreenderam uma arma de fogo e drogas ap\u00f3s um confronto ocorrido no Bairro Coroa do Meio, zona Sul da capital. Durante a a\u00e7\u00e3o policial um suspeito acabou morrendo em confronto ap\u00f3s roubar um ve\u00edculo e amea\u00e7ar jogar um beb\u00ea pela janela do carro.<\/p>\n\n\n\n<figure class=\"wp-block-image size-large\"><img loading=\"lazy\" decoding=\"async\" width=\"550\" height=\"330\" src=\"https:\/\/senoticias.com.br\/se\/wp-content\/uploads\/2022\/08\/Policia-militar-SE-noticias.jpg\" alt=\"\" class=\"wp-image-133691\" srcset=\"https:\/\/senoticias.com.br\/se\/wp-content\/uploads\/2022\/08\/Policia-militar-SE-noticias.jpg 550w, https:\/\/senoticias.com.br\/se\/wp-content\/uploads\/2022\/08\/Policia-militar-SE-noticias-300x180.jpg 300w\" sizes=\"(max-width: 550px) 100vw, 550px\" \/><figcaption> Segundo a Pol\u00edcia Militar, o suspeito morreu em confronto ap\u00f3s roubar carro e amea\u00e7ar jogar beb\u00ea &#8211; Foto: ascom\/PMSE<\/figcaption><\/figure>\n\n\n\n<p>Segundo a PM, os militares realizaram acompanhamento ao ve\u00edculo e foi dado ordem de parada, por\u00e9m o suspeito empreendeu fuga em dire\u00e7\u00e3o ao bairro Coroa do Meio. Durante o acompanhamento, um dos passageiros do ve\u00edculo colocou um beb\u00ea para o lado de fora da janela, amea\u00e7ando a todo instante jog\u00e1-lo.<\/p>\n\n\n\n<p>\u201cDiante da situa\u00e7\u00e3o e preocupados com a integridade da crian\u00e7a, foi solicitado apoio \u00e0s demais viaturas que estavam de servi\u00e7o para que fosse realizado o bloqueio ao ve\u00edculo, o qual aconteceu no in\u00edcio da Av. Desembargador Ant\u00f4nio de Andrade G\u00f3is\u201d, resume a corpora\u00e7\u00e3o.<\/p>\n\n\n\n<p>Ainda segundo a PM, durante a fuga o suspeito efetuou disparos contra as guarni\u00e7\u00f5es e continuou a trafegar pela via em alta velocidade. Em determinado momento, o motorista reduziu a velocidade para que o passageiro descesse e empreendesse fuga a p\u00e9. O homem que desceu, portava uma mochila e efetuou diversos disparos contra os policiais, sendo necess\u00e1rio a a\u00e7\u00e3o da guarni\u00e7\u00e3o para repelir a injusta agress\u00e3o. O homem foi alvejado e socorrido ao HUSE para atendimento m\u00e9dico.<\/p>\n\n\n\n<p>Na delegacia foi constatado que o suspeito possu\u00eda um mandado de pris\u00e3o em aberto al\u00e9m de responder por diversos crimes.<\/p>\n\n\n\n<p><strong><em>Acompanhe tamb\u00e9m o SE Not\u00edcias no\u00a0<a rel=\"noreferrer noopener\" href=\"https:\/\/twitter.com\/Senoticias\" target=\"_blank\">Twitter<\/a>,\u00a0<a rel=\"noreferrer noopener\" href=\"https:\/\/www.facebook.com\/senoticias1\" target=\"_blank\">Facebook<\/a>\u00a0e no\u00a0<a rel=\"noreferrer noopener\" href=\"https:\/\/www.instagram.com\/senoticias\/\" target=\"_blank\">Instagram<\/a><\/em><\/strong><\/p>\n\n\n\n<p>Fonte: Ascom\/PM<\/p>\n","protected":false},"excerpt":{"rendered":"<p>Policiais militares do Batalh\u00e3o de Policiamento Tur\u00edstico apreenderam uma arma de fogo e drogas ap\u00f3s um confronto ocorrido no Bairro Coroa do Meio, zona Sul da capital. Durante a a\u00e7\u00e3o policial um suspeito acabou morrendo em confronto ap\u00f3s roubar um ve\u00edculo e amea\u00e7ar jogar um beb\u00ea pela janela do carro. Segundo a PM, os militares [&hellip;]<\/p>\n","protected":false},"author":6557,"featured_media":0,"comment_status":"closed","ping_status":"closed","sticky":false,"template":"","format":"standard","meta":{"footnotes":""},"categories":[15,7],"tags":[37106,15046,86],"class_list":{"0":"post-133690","1":"post","2":"type-post","3":"status-publish","4":"format-standard","6":"category-destaques","7":"category-policia","8":"tag-ameacou-jogar-bebe","9":"tag-morreu-em-confronto","10":"tag-policia-militar"},"_links":{"self":[{"href":"https:\/\/senoticias.com.br\/se\/wp-json\/wp\/v2\/posts\/133690"}],"collection":[{"href":"https:\/\/senoticias.com.br\/se\/wp-json\/wp\/v2\/posts"}],"about":[{"href":"https:\/\/senoticias.com.br\/se\/wp-json\/wp\/v2\/types\/post"}],"author":[{"embeddable":true,"href":"https:\/\/senoticias.com.br\/se\/wp-json\/wp\/v2\/users\/6557"}],"replies":[{"embeddable":true,"href":"https:\/\/senoticias.com.br\/se\/wp-json\/wp\/v2\/comments?post=133690"}],"version-history":[{"count":0,"href":"https:\/\/senoticias.com.br\/se\/wp-json\/wp\/v2\/posts\/133690\/revisions"}],"wp:attachment":[{"href":"https:\/\/senoticias.com.br\/se\/wp-json\/wp\/v2\/media?parent=133690"}],"wp:term":[{"taxonomy":"category","embeddable":true,"href":"https:\/\/senoticias.com.br\/se\/wp-json\/wp\/v2\/categories?post=133690"},{"taxonomy":"post_tag","embeddable":true,"href":"https:\/\/senoticias.com.br\/se\/wp-json\/wp\/v2\/tags?post=133690"}],"curies":[{"name":"wp","href":"https:\/\/api.w.org\/{rel}","templated":true}]}}