{"id":133688,"date":"2022-08-12T13:25:34","date_gmt":"2022-08-12T16:25:34","guid":{"rendered":"https:\/\/senoticias.com.br\/se\/?p=133688"},"modified":"2022-08-12T13:25:39","modified_gmt":"2022-08-12T16:25:39","slug":"o-hospital-e-maternidade-santa-isabel-convenios-e-particulares-sera-inaugurado-na-proxima-segunda-feira","status":"publish","type":"post","link":"https:\/\/senoticias.com.br\/se\/o-hospital-e-maternidade-santa-isabel-convenios-e-particulares-sera-inaugurado-na-proxima-segunda-feira\/","title":{"rendered":"O Hospital e Maternidade Santa Isabel Conv\u00eanios e Particulares ser\u00e1 inaugurado na pr\u00f3xima  segunda-feira"},"content":{"rendered":"\n<p>O Hospital e Maternidade Santa Isabel Conv\u00eanios e Particulares \u00e9 mais uma unidade da Associa\u00e7\u00e3o Aracajuana de Benefic\u00eancia, mantenedora tamb\u00e9m do Hospital e Maternidade Santa Isabel, e ser\u00e1 inaugurado na pr\u00f3xima segunda-feira (15), \u00e0s 10 horas.<\/p>\n\n\n\n<figure class=\"wp-block-image size-large\"><img loading=\"lazy\" decoding=\"async\" width=\"599\" height=\"449\" src=\"https:\/\/senoticias.com.br\/se\/wp-content\/uploads\/2022\/08\/WhatsApp-Image-2022-08-12-at-11.59.50.jpeg\" alt=\"\" class=\"wp-image-133689\" srcset=\"https:\/\/senoticias.com.br\/se\/wp-content\/uploads\/2022\/08\/WhatsApp-Image-2022-08-12-at-11.59.50.jpeg 599w, https:\/\/senoticias.com.br\/se\/wp-content\/uploads\/2022\/08\/WhatsApp-Image-2022-08-12-at-11.59.50-300x225.jpeg 300w, https:\/\/senoticias.com.br\/se\/wp-content\/uploads\/2022\/08\/WhatsApp-Image-2022-08-12-at-11.59.50-45x35.jpeg 45w\" sizes=\"(max-width: 599px) 100vw, 599px\" \/><figcaption>\n\n\nSanta Isabel Conv\u00eanios e Particulares ser\u00e1 inaugurado na pr\u00f3xima  segunda &#8211; Foto: ascom\/divulga\u00e7\u00e3o\n\n\n<\/figcaption><\/figure>\n\n\n\n<p>A nova unidade ser\u00e1 destinada ao Servi\u00e7o de Sa\u00fade Suplementar e realizar\u00e1 cirurgias eletivas gerais (adulto e pedi\u00e1trico) e servi\u00e7os de assist\u00eancia ao parto com cuidados de especialistas e estrutura de tecnologia avan\u00e7ada.<\/p>\n\n\n\n<p>O Santa Isabel Conv\u00eanios e Particulares oferta apartamentos privados e enfermarias compostas por dois leitos para oferecer conforto n\u00e3o apenas aos pacientes, como tamb\u00e9m aos seus familiares e acompanhantes.<\/p>\n\n\n\n<p><strong><em>Acompanhe tamb\u00e9m o SE Not\u00edcias no\u00a0<a rel=\"noreferrer noopener\" href=\"https:\/\/twitter.com\/Senoticias\" target=\"_blank\">Twitter<\/a>,\u00a0<a rel=\"noreferrer noopener\" href=\"https:\/\/www.facebook.com\/senoticias1\" target=\"_blank\">Facebook<\/a>\u00a0e no\u00a0<a rel=\"noreferrer noopener\" href=\"https:\/\/www.instagram.com\/senoticias\/\" target=\"_blank\">Instagram<\/a><\/em><\/strong><\/p>\n\n\n\n<p>POR ASCOM\/HMSI<\/p>\n","protected":false},"excerpt":{"rendered":"<p>O Hospital e Maternidade Santa Isabel Conv\u00eanios e Particulares \u00e9 mais uma unidade da Associa\u00e7\u00e3o Aracajuana de Benefic\u00eancia, mantenedora tamb\u00e9m do Hospital e Maternidade Santa Isabel, e ser\u00e1 inaugurado na pr\u00f3xima segunda-feira (15), \u00e0s 10 horas. A nova unidade ser\u00e1 destinada ao Servi\u00e7o de Sa\u00fade Suplementar e realizar\u00e1 cirurgias eletivas gerais (adulto e pedi\u00e1trico) e [&hellip;]<\/p>\n","protected":false},"author":6557,"featured_media":0,"comment_status":"closed","ping_status":"closed","sticky":false,"template":"","format":"standard","meta":{"footnotes":""},"categories":[15],"tags":[15786,935],"class_list":{"0":"post-133688","1":"post","2":"type-post","3":"status-publish","4":"format-standard","6":"category-destaques","7":"tag-hospital-e-maternidade-santa-isabel","8":"tag-planos-de-saude"},"_links":{"self":[{"href":"https:\/\/senoticias.com.br\/se\/wp-json\/wp\/v2\/posts\/133688"}],"collection":[{"href":"https:\/\/senoticias.com.br\/se\/wp-json\/wp\/v2\/posts"}],"about":[{"href":"https:\/\/senoticias.com.br\/se\/wp-json\/wp\/v2\/types\/post"}],"author":[{"embeddable":true,"href":"https:\/\/senoticias.com.br\/se\/wp-json\/wp\/v2\/users\/6557"}],"replies":[{"embeddable":true,"href":"https:\/\/senoticias.com.br\/se\/wp-json\/wp\/v2\/comments?post=133688"}],"version-history":[{"count":0,"href":"https:\/\/senoticias.com.br\/se\/wp-json\/wp\/v2\/posts\/133688\/revisions"}],"wp:attachment":[{"href":"https:\/\/senoticias.com.br\/se\/wp-json\/wp\/v2\/media?parent=133688"}],"wp:term":[{"taxonomy":"category","embeddable":true,"href":"https:\/\/senoticias.com.br\/se\/wp-json\/wp\/v2\/categories?post=133688"},{"taxonomy":"post_tag","embeddable":true,"href":"https:\/\/senoticias.com.br\/se\/wp-json\/wp\/v2\/tags?post=133688"}],"curies":[{"name":"wp","href":"https:\/\/api.w.org\/{rel}","templated":true}]}}