{"id":133686,"date":"2022-08-12T13:17:59","date_gmt":"2022-08-12T16:17:59","guid":{"rendered":"https:\/\/senoticias.com.br\/se\/?p=133686"},"modified":"2022-08-12T13:18:07","modified_gmt":"2022-08-12T16:18:07","slug":"terra-encantada-dos-orcs-diverte-as-familias-no-final-de-semana","status":"publish","type":"post","link":"https:\/\/senoticias.com.br\/se\/terra-encantada-dos-orcs-diverte-as-familias-no-final-de-semana\/","title":{"rendered":"&#8220;Terra Encantada dos Orcs\u2019 diverte as fam\u00edlias no final de semana"},"content":{"rendered":"\n<p>Os grandalh\u00f5es Gulgash, Gratuk e Dadur, o comil\u00e3o Dahkgrom, a guerreira Drakdah e o beb\u00ea Thak desembarcaram em Aracaju e convidam toda a fam\u00edlia para curtir uma incr\u00edvel aventura pelas lendas medievais no Shopping Jardins. At\u00e9 12 de setembro, crian\u00e7as, jovens, adultos e idosos t\u00eam a oportunidade de apreciar a exposi\u00e7\u00e3o \u2018Orcs \u2013 Os Ogros Gigantes\u2019, in\u00e9dita em Sergipe. A atra\u00e7\u00e3o fica na Pra\u00e7a de Eventos Ip\u00ea, em frente \u00e0 loja Riachuelo, e o acesso \u00e9 gratuito.<\/p>\n\n\n\n<figure class=\"wp-block-image size-large\"><img loading=\"lazy\" decoding=\"async\" width=\"592\" height=\"339\" src=\"https:\/\/senoticias.com.br\/se\/wp-content\/uploads\/2022\/08\/WhatsApp-Image-2022-08-12-at-11.56.14.jpeg\" alt=\"\" class=\"wp-image-133687\" srcset=\"https:\/\/senoticias.com.br\/se\/wp-content\/uploads\/2022\/08\/WhatsApp-Image-2022-08-12-at-11.56.14.jpeg 592w, https:\/\/senoticias.com.br\/se\/wp-content\/uploads\/2022\/08\/WhatsApp-Image-2022-08-12-at-11.56.14-300x172.jpeg 300w\" sizes=\"(max-width: 592px) 100vw, 592px\" \/><figcaption>\n\nConta\u00e7\u00f5es de hist\u00f3ria acontecem dias 13 e 14 de agosto, das 15h \u00e0s 18h, no Shopping Jardins &#8211; Foto: Victor Caldas\n\n<\/figcaption><\/figure>\n\n\n\n<p>E para deixar o passeio ainda mais divertido, aos finais de semana, outros personagens fant\u00e1sticos aportam no Shopping Jardins e entret\u00eam os visitantes com a hist\u00f3ria \u2018Terra Encantada dos Orcs\u2019. As conta\u00e7\u00f5es s\u00e3o gratuitas e acontecem aos s\u00e1bados e domingos, na Pra\u00e7a de Eventos Ip\u00ea, em sess\u00f5es de 30 minutos, realizadas das 15h \u00e0s 18h. Durante as apresenta\u00e7\u00f5es, o p\u00fablico \u00e9 convidado a cuidar da natureza e ajudar a salvar o reino dos Orcs.<\/p>\n\n\n\n<p><strong>A exposi\u00e7\u00e3o<\/strong><\/p>\n\n\n\n<p>Os ogros com at\u00e9 6 metros de altura impressionam o p\u00fablico pela veracidade. As esculturas em fibra de vidro t\u00eam acabamento em massa pl\u00e1stica que imita a pele humana. Os olhos feitos em resina de cristal apresentam movimento controlado por timer e os cabelos s\u00e3o confeccionados com fios importados. Tudo para expressar a robustez e excentricidade dos seres que povoam o imagin\u00e1rio de crian\u00e7as e adultos desde o per\u00edodo medieval.<\/p>\n\n\n\n<p><strong>M\u00fasica e churrasco<\/strong><\/p>\n\n\n\n<p>O estilo de vida dos grandalh\u00f5es tamb\u00e9m inspira as comemora\u00e7\u00f5es do Dia dos Pais no Shopping Jardins. O comil\u00e3o Dahkgrom convocou um time poderoso de chefs churrasqueiros para realizar a segunda edi\u00e7\u00e3o do Carnivoria em Aracaju. O s\u00e1bado e o domingo, 13 e 14 de agosto, promete ser de muita m\u00fasica e comida boa na brasa no Estacionamento C. A divers\u00e3o para toda a fam\u00edlia acontece das 12h \u00e0s 22h.<\/p>\n\n\n\n<p><strong>Orcs<\/strong><\/p>\n\n\n\n<p><strong>O qu\u00ea?<\/strong> Exposi\u00e7\u00e3o com ogros gigantes remetem as fam\u00edlias a uma fant\u00e1stica aventura medieval.<br><strong>Quando?<\/strong> At\u00e9 12 de setembro. Segunda a s\u00e1bado, das 10h \u00e0s 22h. Domingos e feriados, das 14h \u00e0s 20h.<br>Conta\u00e7\u00e3o de hist\u00f3ria \u2018Terra Encantada dos Orcs\u2019 \u2013 s\u00e1bados e domingos, das 15h \u00e0s 18h.<br><strong>Onde?<\/strong> Pra\u00e7a de Eventos Ip\u00ea, em frente \u00e0 Riachuelo, do Shopping Jardins \u2013 Avenida Ministro Geraldo Barreto Sobral, 215, bairro Jardins, Aracaju | SE.<br><strong>Quanto? Acesso gratuito.<\/strong><br>Mais informa\u00e7\u00f5es? (79) 2107-5555 | shoppiongjardins.com.br | @ShoppingJardins.<\/p>\n\n\n\n<p><strong><em>Acompanhe tamb\u00e9m o SE Not\u00edcias no\u00a0<a rel=\"noreferrer noopener\" href=\"https:\/\/twitter.com\/Senoticias\" target=\"_blank\">Twitter<\/a>,\u00a0<a rel=\"noreferrer noopener\" href=\"https:\/\/www.facebook.com\/senoticias1\" target=\"_blank\">Facebook<\/a>\u00a0e no\u00a0<a rel=\"noreferrer noopener\" href=\"https:\/\/www.instagram.com\/senoticias\/\" target=\"_blank\">Instagram<\/a><\/em><\/strong><\/p>\n\n\n\n<p>Assessoria de imprensa \/ Lotti+Caldas Comunica\u00e7\u00e3o<\/p>\n","protected":false},"excerpt":{"rendered":"<p>Os grandalh\u00f5es Gulgash, Gratuk e Dadur, o comil\u00e3o Dahkgrom, a guerreira Drakdah e o beb\u00ea Thak desembarcaram em Aracaju e convidam toda a fam\u00edlia para curtir uma incr\u00edvel aventura pelas lendas medievais no Shopping Jardins. At\u00e9 12 de setembro, crian\u00e7as, jovens, adultos e idosos t\u00eam a oportunidade de apreciar a exposi\u00e7\u00e3o \u2018Orcs \u2013 Os Ogros [&hellip;]<\/p>\n","protected":false},"author":6557,"featured_media":0,"comment_status":"closed","ping_status":"closed","sticky":false,"template":"","format":"standard","meta":{"footnotes":""},"categories":[15,21],"tags":[37103,4939,37102],"class_list":{"0":"post-133686","1":"post","2":"type-post","3":"status-publish","4":"format-standard","6":"category-destaques","7":"category-entretenimento","8":"tag-programacao-do-fim-de-semana","9":"tag-shopping-jardins","10":"tag-terra-encantada-dos-orcs"},"_links":{"self":[{"href":"https:\/\/senoticias.com.br\/se\/wp-json\/wp\/v2\/posts\/133686"}],"collection":[{"href":"https:\/\/senoticias.com.br\/se\/wp-json\/wp\/v2\/posts"}],"about":[{"href":"https:\/\/senoticias.com.br\/se\/wp-json\/wp\/v2\/types\/post"}],"author":[{"embeddable":true,"href":"https:\/\/senoticias.com.br\/se\/wp-json\/wp\/v2\/users\/6557"}],"replies":[{"embeddable":true,"href":"https:\/\/senoticias.com.br\/se\/wp-json\/wp\/v2\/comments?post=133686"}],"version-history":[{"count":0,"href":"https:\/\/senoticias.com.br\/se\/wp-json\/wp\/v2\/posts\/133686\/revisions"}],"wp:attachment":[{"href":"https:\/\/senoticias.com.br\/se\/wp-json\/wp\/v2\/media?parent=133686"}],"wp:term":[{"taxonomy":"category","embeddable":true,"href":"https:\/\/senoticias.com.br\/se\/wp-json\/wp\/v2\/categories?post=133686"},{"taxonomy":"post_tag","embeddable":true,"href":"https:\/\/senoticias.com.br\/se\/wp-json\/wp\/v2\/tags?post=133686"}],"curies":[{"name":"wp","href":"https:\/\/api.w.org\/{rel}","templated":true}]}}