{"id":133658,"date":"2022-08-10T18:26:09","date_gmt":"2022-08-10T21:26:09","guid":{"rendered":"https:\/\/senoticias.com.br\/se\/?p=133658"},"modified":"2022-08-10T18:50:07","modified_gmt":"2022-08-10T21:50:07","slug":"instituto-federal-de-sergipe-abre-90-vagas-para-cursos-de-idiomas-gratuitos-saiba-como-participar","status":"publish","type":"post","link":"https:\/\/senoticias.com.br\/se\/instituto-federal-de-sergipe-abre-90-vagas-para-cursos-de-idiomas-gratuitos-saiba-como-participar\/","title":{"rendered":"Instituto Federal de Sergipe abre 90 vagas para cursos de idiomas gratuitos; saiba como participar"},"content":{"rendered":"\n<p>O Instituto Federal de Sergipe (IFS) abriu processo seletivo para cursos de forma\u00e7\u00e3o em Espanhol B\u00e1sico e Ingl\u00eas B\u00e1sicos. Ao todo, s\u00e3o 90 vagas ofertadas nos campus de Aracaju e Lagarto.<\/p>\n\n\n\n<figure class=\"wp-block-image size-large\"><img loading=\"lazy\" decoding=\"async\" width=\"599\" height=\"270\" src=\"https:\/\/senoticias.com.br\/se\/wp-content\/uploads\/2022\/08\/ifs-senoticias-e1660166689968.jpg\" alt=\"\" class=\"wp-image-133659\"\/><figcaption> Oportunidade oferta capacita\u00e7\u00e3o de espanhol e ingl\u00eas com carga hor\u00e1ria de 160 horas &#8211; Foto: arquivo\/IFS<\/figcaption><\/figure>\n\n\n\n<p>As capacita\u00e7\u00f5es acontecem de forma virtual no turno da noite e possuem carga hor\u00e1ria de 160 horas, distribu\u00eddas em 20 semanas. Para participar, o candidato precisa ter conclu\u00eddo ou estar cursando o ensino m\u00e9dio, al\u00e9m de possuir acesso \u00e0 internet e a equipamentos tecnol\u00f3gicos como computador, notebook ou smartphone.<\/p>\n\n\n\n<p>As inscri\u00e7\u00f5es devem ser realizadas no site da institui\u00e7\u00e3o at\u00e9 domingo (14). A sele\u00e7\u00e3o acontece por meio de sorteio eletr\u00f4nico.<\/p>\n\n\n\n<p><strong>Campus Aracaju<\/strong><\/p>\n\n\n\n<p><strong>Espanhol B\u00e1sico<\/strong>: Carga hor\u00e1ria: 160h | Hor\u00e1rio: quintas-feiras, das 19h \u00e0s 21h | P\u00fablico: servidores do IFS;<br><strong>Ingl\u00eas B\u00e1sico<\/strong>: Carga hor\u00e1ria: 160h | Hor\u00e1rio: ter\u00e7as-feiras, das 19:50 \u00e0s 21:50 | P\u00fablico: ampla concorr\u00eancia.<br><strong>Campus Lagarto<\/strong><\/p>\n\n\n\n<p><strong>Espanhol B\u00e1sico<\/strong>: Carga hor\u00e1ria: 160h | Hor\u00e1rio: segundas-feiras, das 19h \u00e0s 21h | P\u00fablico: ampla concorr\u00eancia.<\/p>\n\n\n\n<p><strong><em>Acompanhe tamb\u00e9m o SE Not\u00edcias no\u00a0<a rel=\"noreferrer noopener\" href=\"https:\/\/twitter.com\/Senoticias\" target=\"_blank\">Twitter<\/a>,\u00a0<a rel=\"noreferrer noopener\" href=\"https:\/\/www.facebook.com\/senoticias1\" target=\"_blank\">Facebook<\/a>\u00a0e no\u00a0<a rel=\"noreferrer noopener\" href=\"https:\/\/www.instagram.com\/senoticias\/\" target=\"_blank\">Instagram<\/a><\/em><\/strong><\/p>\n\n\n\n<p>Por Carolina de Morais, Portal A8SE<\/p>\n","protected":false},"excerpt":{"rendered":"<p>O Instituto Federal de Sergipe (IFS) abriu processo seletivo para cursos de forma\u00e7\u00e3o em Espanhol B\u00e1sico e Ingl\u00eas B\u00e1sicos. Ao todo, s\u00e3o 90 vagas ofertadas nos campus de Aracaju e Lagarto. As capacita\u00e7\u00f5es acontecem de forma virtual no turno da noite e possuem carga hor\u00e1ria de 160 horas, distribu\u00eddas em 20 semanas. Para participar, o [&hellip;]<\/p>\n","protected":false},"author":6557,"featured_media":0,"comment_status":"closed","ping_status":"closed","sticky":false,"template":"","format":"standard","meta":{"footnotes":""},"categories":[15,38],"tags":[37087,7216,1965,4662],"class_list":{"0":"post-133658","1":"post","2":"type-post","3":"status-publish","4":"format-standard","6":"category-destaques","7":"category-municipios","8":"tag-cursos-de-idiomas","9":"tag-espanhol","10":"tag-ifs","11":"tag-ingles"},"_links":{"self":[{"href":"https:\/\/senoticias.com.br\/se\/wp-json\/wp\/v2\/posts\/133658"}],"collection":[{"href":"https:\/\/senoticias.com.br\/se\/wp-json\/wp\/v2\/posts"}],"about":[{"href":"https:\/\/senoticias.com.br\/se\/wp-json\/wp\/v2\/types\/post"}],"author":[{"embeddable":true,"href":"https:\/\/senoticias.com.br\/se\/wp-json\/wp\/v2\/users\/6557"}],"replies":[{"embeddable":true,"href":"https:\/\/senoticias.com.br\/se\/wp-json\/wp\/v2\/comments?post=133658"}],"version-history":[{"count":0,"href":"https:\/\/senoticias.com.br\/se\/wp-json\/wp\/v2\/posts\/133658\/revisions"}],"wp:attachment":[{"href":"https:\/\/senoticias.com.br\/se\/wp-json\/wp\/v2\/media?parent=133658"}],"wp:term":[{"taxonomy":"category","embeddable":true,"href":"https:\/\/senoticias.com.br\/se\/wp-json\/wp\/v2\/categories?post=133658"},{"taxonomy":"post_tag","embeddable":true,"href":"https:\/\/senoticias.com.br\/se\/wp-json\/wp\/v2\/tags?post=133658"}],"curies":[{"name":"wp","href":"https:\/\/api.w.org\/{rel}","templated":true}]}}