{"id":133653,"date":"2022-08-10T14:10:15","date_gmt":"2022-08-10T17:10:15","guid":{"rendered":"https:\/\/senoticias.com.br\/se\/?p=133653"},"modified":"2022-08-10T14:16:51","modified_gmt":"2022-08-10T17:16:51","slug":"tcu-condena-dallagnol-e-janot-a-devolverem-dinheiro-gasto-na-lava-jato","status":"publish","type":"post","link":"https:\/\/senoticias.com.br\/se\/tcu-condena-dallagnol-e-janot-a-devolverem-dinheiro-gasto-na-lava-jato\/","title":{"rendered":"TCU condena Janot, Deltan e ex-chefe do MPF a pagar R$ 3,4 mi por di\u00e1rias"},"content":{"rendered":"\n<p>A Segunda C\u00e2mara do Tribunal de Contas da Uni\u00e3o (TCU) decidiu, nesta ter\u00e7a-feira (9\/8), condenar o ex-procurador Deltan Dallagnol, o ex-procurador-geral da Rep\u00fablica Rodrigo Janot e o procurador Jo\u00e3o Vicente Rom\u00e3o a devolverem aos cofres p\u00fablicos R$ 2,8 milh\u00f5es gastos pela da for\u00e7a-tarefa da Lava Jato com passagens e di\u00e1rias.<\/p>\n\n\n\n<figure class=\"wp-block-image size-large\"><img loading=\"lazy\" decoding=\"async\" width=\"580\" height=\"363\" src=\"https:\/\/senoticias.com.br\/se\/wp-content\/uploads\/2022\/08\/TCU-condena-se-noticias.png\" alt=\"\" class=\"wp-image-133654\" srcset=\"https:\/\/senoticias.com.br\/se\/wp-content\/uploads\/2022\/08\/TCU-condena-se-noticias.png 580w, https:\/\/senoticias.com.br\/se\/wp-content\/uploads\/2022\/08\/TCU-condena-se-noticias-300x188.png 300w, https:\/\/senoticias.com.br\/se\/wp-content\/uploads\/2022\/08\/TCU-condena-se-noticias-120x76.png 120w, https:\/\/senoticias.com.br\/se\/wp-content\/uploads\/2022\/08\/TCU-condena-se-noticias-308x192.png 308w\" sizes=\"(max-width: 580px) 100vw, 580px\" \/><figcaption>\n\nPor causa de condena\u00e7\u00e3o no TCU, Dallagnol e Janot podem ficar ineleg\u00edveis por oito anos &#8211; Foto: Jos\u00e9 Cruz\/Ag\u00eancia Brasil <\/figcaption><\/figure>\n\n\n\n<p>Com isso, pela Lei da Ficha Limpa, Dallagnol, pr\u00e9-candidato a deputado federal pelo Podemos no Paran\u00e1, pode ficar ineleg\u00edvel. Janot, filiado ao mesmo partido, tamb\u00e9m poder\u00e1 ser impedido de se eleger a algum cargo pol\u00edtico, mas o ex-procurador j\u00e1 havia ficado de fora da lista do Podemos de candidatos \u00e0 C\u00e2mara pelo Distrito Federal. No Twitter, Dallagnol comentou a condena\u00e7\u00e3o.<\/p>\n\n\n\n<p>O caso \u00e9 apurado desde 2020 pelo TCU e o relat\u00f3rio do ministro Bruno Dantas foi aprovado nesta ter\u00e7a por quatro votos a zero. Outros sete procuradores foram inocentados.<\/p>\n\n\n\n<p>Para Dantas e o subprocurador-geral do Minist\u00e9rio P\u00fablico de Contas, Lucas Furtado, Dallagnol, Janot e Rom\u00e3o praticaram atos &#8220;antiecon\u00f4micos, ilegais e ileg\u00edtimos&#8221; que podem caracterizar atos de improbidade administrativa. Por\u00e9m, ainda cabe recurso.<\/p>\n\n\n\n<p>A decis\u00e3o tamb\u00e9m levou em considera\u00e7\u00e3o que o modelo de for\u00e7a-tarefa adotado pela Lava Jato foi antiecon\u00f4mico e causou preju\u00edzo aos cofres p\u00fablicos ao permitir o pagamento &#8220;desproporcional&#8221; e &#8220;irrestrito&#8221; de di\u00e1rias, passagens e gratifica\u00e7\u00f5es aos envolvidos.<\/p>\n\n\n\n<p>Procuradores de outras cidades foram indicados para atuar na Lava Jato, em Curitiba, e receberam recursos financeiros como se estivessem em uma situa\u00e7\u00e3o provis\u00f3ria de trabalho, em vez de serem oficialmente transferidos para a capital paranaense.<\/p>\n\n\n\n<p>Al\u00e9m disso, para os ministros do TCU, houve ofensas ao princ\u00edpio da impessoalidade, em raz\u00e3o da aus\u00eancia de crit\u00e9rios t\u00e9cnicos que justificassem a escolha dos procuradores que integrariam a opera\u00e7\u00e3o, al\u00e9m de o modelo ser ben\u00e9fico e rent\u00e1vel aos participantes.<\/p>\n\n\n\n<p><strong>Sendo assim:<\/strong><\/p>\n\n\n\n<p>Rodrigo Janot foi condenado por ter autorizado a constitui\u00e7\u00e3o da for\u00e7a-tarefa;<br>Deltan Dallagnol foi condenado por ter participado da concep\u00e7\u00e3o do modelo escolhido pela for\u00e7a-tarefa e da escolha dos integrantes;<br>Jo\u00e3o Vicente Beraldo Rom\u00e3o foi condenado por ter solicitado a forma\u00e7\u00e3o da for\u00e7a-tarefa.<\/p>\n\n\n\n<p><strong>\u00c1rea t\u00e9cnica deu parecer contr\u00e1rio<\/strong><\/p>\n\n\n\n<p>A decis\u00e3o dos ministros diverge do parecer da \u00e1rea t\u00e9cnica do TCU, que concluiu que n\u00e3o houve irregularidades nos gastos da for\u00e7a-tarefa e recomendou o arquivamento do processo.<\/p>\n\n\n\n<p>Os auditores do tribunal argumentaram que a forma\u00e7\u00e3o de grupos de for\u00e7a-tarefa da Lava Jato era considerada, na ocasi\u00e3o, o &#8220;melhor sistema para a persecu\u00e7\u00e3o penal e combate \u00e0 organiza\u00e7\u00f5es criminosas&#8221; e que a &#8220;sua operacionaliza\u00e7\u00e3o seguia os ritos e regras vigentes \u00e0 \u00e9poca&#8221;.<\/p>\n\n\n\n<p>Afirmaram tamb\u00e9m que independente da op\u00e7\u00e3o escolhida para viabilizar a opera\u00e7\u00e3o Lava Jato, haveria custos envolvidos.<\/p>\n\n\n\n<p><strong>Lei da Ficha Limpa<\/strong><\/p>\n\n\n\n<p>De acordo com a Lei da Ficha Limpa, ficam ineleg\u00edveis por oito anos &#8220;os que tiverem suas contas relativas ao exerc\u00edcio de cargos ou fun\u00e7\u00f5es p\u00fablicas rejeitadas por irregularidade insan\u00e1vel que configure ato doloso de improbidade administrativa, e por decis\u00e3o irrecorr\u00edvel do \u00f3rg\u00e3o competente, salvo se esta houver sido suspensa ou anulada pelo Poder Judici\u00e1rio&#8221;.<\/p>\n\n\n\n<p>Por\u00e9m, ao &#8220;G1&#8221;, a Secretaria de Comunica\u00e7\u00e3o do Tribunal de Contas da Uni\u00e3o esclareceu que n\u00e3o compete \u00e0 Corte elaborar a rela\u00e7\u00e3o das pessoas consideradas ineleg\u00edveis.<\/p>\n\n\n\n<p>\u201cEm ano eleitoral, o papel do TCU se restringe a enviar ao Tribunal Superior Eleitoral a lista de pessoas f\u00edsicas que tiveram suas contas julgadas irregulares nos \u00faltimos oito anos que antecedem a elei\u00e7\u00e3o.Cabe \u00e0 Justi\u00e7a Eleitoral, com base em crit\u00e9rios definidos em lei, declarar a inelegibilidade de tais pessoas\u201d, disse.<\/p>\n\n\n\n<p><strong><em>Acompanhe tamb\u00e9m o SE Not\u00edcias no&nbsp;<a rel=\"noreferrer noopener\" href=\"https:\/\/twitter.com\/Senoticias\" target=\"_blank\">Twitter<\/a>,&nbsp;<a rel=\"noreferrer noopener\" href=\"https:\/\/www.facebook.com\/senoticias1\" target=\"_blank\">Facebook<\/a>&nbsp;e no&nbsp;<a rel=\"noreferrer noopener\" href=\"https:\/\/www.instagram.com\/senoticias\/\" target=\"_blank\">Instagram<\/a><\/em><\/strong><\/p>\n\n\n\n<p>Fonte: UOL<\/p>\n","protected":false},"excerpt":{"rendered":"<p>A Segunda C\u00e2mara do Tribunal de Contas da Uni\u00e3o (TCU) decidiu, nesta ter\u00e7a-feira (9\/8), condenar o ex-procurador Deltan Dallagnol, o ex-procurador-geral da Rep\u00fablica Rodrigo Janot e o procurador Jo\u00e3o Vicente Rom\u00e3o a devolverem aos cofres p\u00fablicos R$ 2,8 milh\u00f5es gastos pela da for\u00e7a-tarefa da Lava Jato com passagens e di\u00e1rias. Com isso, pela Lei da [&hellip;]<\/p>\n","protected":false},"author":6557,"featured_media":0,"comment_status":"closed","ping_status":"closed","sticky":false,"template":"","format":"standard","meta":{"footnotes":""},"categories":[15,2961,1],"tags":[37083,385,4364,37084],"class_list":{"0":"post-133653","1":"post","2":"type-post","3":"status-publish","4":"format-standard","6":"category-destaques","7":"category-nacional","8":"category-sem-categoria","9":"tag-deltan-dallagnol","10":"tag-lava-jato","11":"tag-rodrigo-janot","12":"tag-tcu-condena-dallagnol"},"_links":{"self":[{"href":"https:\/\/senoticias.com.br\/se\/wp-json\/wp\/v2\/posts\/133653"}],"collection":[{"href":"https:\/\/senoticias.com.br\/se\/wp-json\/wp\/v2\/posts"}],"about":[{"href":"https:\/\/senoticias.com.br\/se\/wp-json\/wp\/v2\/types\/post"}],"author":[{"embeddable":true,"href":"https:\/\/senoticias.com.br\/se\/wp-json\/wp\/v2\/users\/6557"}],"replies":[{"embeddable":true,"href":"https:\/\/senoticias.com.br\/se\/wp-json\/wp\/v2\/comments?post=133653"}],"version-history":[{"count":0,"href":"https:\/\/senoticias.com.br\/se\/wp-json\/wp\/v2\/posts\/133653\/revisions"}],"wp:attachment":[{"href":"https:\/\/senoticias.com.br\/se\/wp-json\/wp\/v2\/media?parent=133653"}],"wp:term":[{"taxonomy":"category","embeddable":true,"href":"https:\/\/senoticias.com.br\/se\/wp-json\/wp\/v2\/categories?post=133653"},{"taxonomy":"post_tag","embeddable":true,"href":"https:\/\/senoticias.com.br\/se\/wp-json\/wp\/v2\/tags?post=133653"}],"curies":[{"name":"wp","href":"https:\/\/api.w.org\/{rel}","templated":true}]}}