{"id":133648,"date":"2022-08-10T10:14:12","date_gmt":"2022-08-10T13:14:12","guid":{"rendered":"https:\/\/senoticias.com.br\/se\/?p=133648"},"modified":"2022-08-10T10:34:11","modified_gmt":"2022-08-10T13:34:11","slug":"tres-homens-sao-presos-por-transportar-mais-de-100-kg-de-maconha-em-sergipe","status":"publish","type":"post","link":"https:\/\/senoticias.com.br\/se\/tres-homens-sao-presos-por-transportar-mais-de-100-kg-de-maconha-em-sergipe\/","title":{"rendered":"Tr\u00eas homens s\u00e3o presos por transportar mais de 100 kg de maconha em Sergipe"},"content":{"rendered":"\n<p><\/p>\n\n\n\n<p>Nesta ter\u00e7a-feira (9), tr\u00eas homens foram presos por associa\u00e7\u00e3o e tr\u00e1fico de drogas durante uma fiscaliza\u00e7\u00e3o da Pol\u00edcia Rodovi\u00e1ria Federal (PRF) em Sergipe.<\/p>\n\n\n\n<figure class=\"wp-block-image size-large\"><img loading=\"lazy\" decoding=\"async\" width=\"550\" height=\"330\" src=\"https:\/\/senoticias.com.br\/se\/wp-content\/uploads\/2022\/08\/Drogas-SE-Noticias.jpg\" alt=\"\" class=\"wp-image-133649\" srcset=\"https:\/\/senoticias.com.br\/se\/wp-content\/uploads\/2022\/08\/Drogas-SE-Noticias.jpg 550w, https:\/\/senoticias.com.br\/se\/wp-content\/uploads\/2022\/08\/Drogas-SE-Noticias-300x180.jpg 300w\" sizes=\"(max-width: 550px) 100vw, 550px\" \/><figcaption>Os tr\u00eas homens foram encaminhados \u00e0 Delegacia de Pol\u00edcia Civil &#8211; Foto: PRF\/SE<\/figcaption><\/figure>\n\n\n\n<p>Na primeira a\u00e7\u00e3o, mais de 100 quilos de tabletes com subst\u00e2ncia an\u00e1loga a maconha foram encontrados no compartimento de carga de um ve\u00edculo, que transportava restos de frutas em Est\u00e2ncia. O condutor detido confessou que receberia R$ 10 mil para levar a droga de Vit\u00f3ria (ES) para Natal (RN) e j\u00e1 foi preso anteriormente pelo crime de recepta\u00e7\u00e3o.<\/p>\n\n\n\n<p>Um levantamento realizado no local identificou o envolvimento de outro autom\u00f3vel no munic\u00edpio de Malhada dos Bois. O passageiro, de 22 anos, foi apontado como respons\u00e1vel pela loca\u00e7\u00e3o do ve\u00edculo para realizar a viagem da droga, sendo preso juntamente com o condutor.<\/p>\n\n\n\n<p>Os tr\u00eas homens foram encaminhados \u00e0 Delegacia de Pol\u00edcia Civil.<\/p>\n\n\n\n<p><strong><em>Acompanhe tamb\u00e9m o SE Not\u00edcias no\u00a0<a rel=\"noreferrer noopener\" href=\"https:\/\/twitter.com\/Senoticias\" target=\"_blank\">Twitter<\/a>,\u00a0<a rel=\"noreferrer noopener\" href=\"https:\/\/www.facebook.com\/senoticias1\" target=\"_blank\">Facebook<\/a>\u00a0e no\u00a0<a rel=\"noreferrer noopener\" href=\"https:\/\/www.instagram.com\/senoticias\/\" target=\"_blank\">Instagram<\/a><\/em><\/strong><br><br>Fonte: ascom\/PRF<\/p>\n","protected":false},"excerpt":{"rendered":"<p>Nesta ter\u00e7a-feira (9), tr\u00eas homens foram presos por associa\u00e7\u00e3o e tr\u00e1fico de drogas durante uma fiscaliza\u00e7\u00e3o da Pol\u00edcia Rodovi\u00e1ria Federal (PRF) em Sergipe. Na primeira a\u00e7\u00e3o, mais de 100 quilos de tabletes com subst\u00e2ncia an\u00e1loga a maconha foram encontrados no compartimento de carga de um ve\u00edculo, que transportava restos de frutas em Est\u00e2ncia. O condutor [&hellip;]<\/p>\n","protected":false},"author":6557,"featured_media":0,"comment_status":"closed","ping_status":"closed","sticky":false,"template":"","format":"standard","meta":{"footnotes":""},"categories":[15,7],"tags":[37081,77,37082],"class_list":{"0":"post-133648","1":"post","2":"type-post","3":"status-publish","4":"format-standard","6":"category-destaques","7":"category-policia","8":"tag-100-kg-de-maconha","9":"tag-prf","10":"tag-tres-homens-sao-presos"},"_links":{"self":[{"href":"https:\/\/senoticias.com.br\/se\/wp-json\/wp\/v2\/posts\/133648"}],"collection":[{"href":"https:\/\/senoticias.com.br\/se\/wp-json\/wp\/v2\/posts"}],"about":[{"href":"https:\/\/senoticias.com.br\/se\/wp-json\/wp\/v2\/types\/post"}],"author":[{"embeddable":true,"href":"https:\/\/senoticias.com.br\/se\/wp-json\/wp\/v2\/users\/6557"}],"replies":[{"embeddable":true,"href":"https:\/\/senoticias.com.br\/se\/wp-json\/wp\/v2\/comments?post=133648"}],"version-history":[{"count":0,"href":"https:\/\/senoticias.com.br\/se\/wp-json\/wp\/v2\/posts\/133648\/revisions"}],"wp:attachment":[{"href":"https:\/\/senoticias.com.br\/se\/wp-json\/wp\/v2\/media?parent=133648"}],"wp:term":[{"taxonomy":"category","embeddable":true,"href":"https:\/\/senoticias.com.br\/se\/wp-json\/wp\/v2\/categories?post=133648"},{"taxonomy":"post_tag","embeddable":true,"href":"https:\/\/senoticias.com.br\/se\/wp-json\/wp\/v2\/tags?post=133648"}],"curies":[{"name":"wp","href":"https:\/\/api.w.org\/{rel}","templated":true}]}}