{"id":133645,"date":"2022-08-10T05:20:07","date_gmt":"2022-08-10T08:20:07","guid":{"rendered":"https:\/\/senoticias.com.br\/se\/?p=133645"},"modified":"2022-08-10T05:39:01","modified_gmt":"2022-08-10T08:39:01","slug":"flamengo-volta-a-vencer-o-corinthians-e-confirma-vaga-na-semifinal-da-libertadores","status":"publish","type":"post","link":"https:\/\/senoticias.com.br\/se\/flamengo-volta-a-vencer-o-corinthians-e-confirma-vaga-na-semifinal-da-libertadores\/","title":{"rendered":"Flamengo volta a vencer o Corinthians e confirma vaga na semifinal da Libertadores"},"content":{"rendered":"\n<p><\/p>\n\n\n\n<p>O Flamengo est\u00e1 novamente nas <strong>semifinais da Libertadores<\/strong>. Com gol de Pedro, o Rubro-Negro voltou a vencer o Corinthians, desta vez por 1 a 0, no Maracan\u00e3 e garantiu a vaga na pr\u00f3xima fase da competi\u00e7\u00e3o. A partida foi mais equilibrada, principalmente no primeiro tempo, mas ap\u00f3s o gol do centroavante, marcado no come\u00e7o do segundo tempo, o clube carioca controlou o jogo. A expuls\u00e3o de Bruno M\u00e9ndez tornou a vit\u00f3ria ainda mais tranquila.<br><br>Esta \u00e9 a terceira vez nos \u00faltimos quatro anos que o Flamengo ir\u00e1 disputar uma semifinal de Libertadores. O advers\u00e1rio do Rubro-Negro ser\u00e1 o vencedor de V\u00e9lez Sarsfield e Talleres. As equipes se enfrentam na pr\u00f3xima quarta-feira e o campe\u00e3o da Am\u00e9rica de 1994 tem a vantagem do empate, por ter vencido o primeiro jogo em casa por 3 a 2. Independente do advers\u00e1rio, o clube carioca ir\u00e1 fazer o segundo jogo no Rio.<\/p>\n\n\n\n<figure class=\"wp-block-image size-large\"><img loading=\"lazy\" decoding=\"async\" width=\"596\" height=\"397\" src=\"https:\/\/senoticias.com.br\/se\/wp-content\/uploads\/2022\/08\/1660099227.jpg\" alt=\"\" class=\"wp-image-133647\" srcset=\"https:\/\/senoticias.com.br\/se\/wp-content\/uploads\/2022\/08\/1660099227.jpg 596w, https:\/\/senoticias.com.br\/se\/wp-content\/uploads\/2022\/08\/1660099227-300x200.jpg 300w, https:\/\/senoticias.com.br\/se\/wp-content\/uploads\/2022\/08\/1660099227-90x60.jpg 90w, https:\/\/senoticias.com.br\/se\/wp-content\/uploads\/2022\/08\/1660099227-180x120.jpg 180w, https:\/\/senoticias.com.br\/se\/wp-content\/uploads\/2022\/08\/1660099227-95x64.jpg 95w\" sizes=\"(max-width: 596px) 100vw, 596px\" \/><figcaption>Pedro, que n\u00e3o s\u00f3 garantiu a vit\u00f3ria como tamb\u00e9m levou o camisa 21 \u00e0 lideran\u00e7a isolada da artilharia desta edi\u00e7\u00e3o da competi\u00e7\u00e3o, com oito gols &#8211; Foto:  Alexandre Vidal\/CRF<\/figcaption><\/figure>\n\n\n\n<p>O primeiro tempo entre Flamengo e Corinthians foi bastante equilibrado. Precisando do resultado, o clube paulista avan\u00e7ou sua marca\u00e7\u00e3o e dificultou a sa\u00edda de bola do Rubro-Negro. Com a vantagem no agregado, o clube carioca n\u00e3o conseguiu ser t\u00e3o efetivo.<\/p>\n\n\n\n<p>A primeira chance foi dos donos da casa. Com dois minutos, Everton Ribeiro achou Pedro dentro da \u00e1rea, o atacante dominou no peito e finalizou para fora de bicicleta, assustando C\u00e1ssio. A resposta do Tim\u00e3o foi logo depois. Yuri Alberto recebeu dentro da \u00e1rea, mas acabou sendo travado na hora de finalizar por Thiago Maia.<br><br>A melhor oportunidade dos paulistas foi aos 11 minutos. Adson recuperou a bola pela direita, passou pela marca\u00e7\u00e3o de Filipe Lu\u00eds e saiu na cara de Santos. O jogador do Corinthians finalizou para grande defesa de Santos, que salvou o clube carioca.<br><br>Com dificuldades para criar, o Flamengo chegou com perigo em mais duas vezes. Aos 15 minutos, Rodinei cruzou na medida para Everton Ribeiro, que cabeceou para fora. Depois, aos 32 minutos, novamente o lateral-direito apareceu em boas condi\u00e7\u00f5es dentro da \u00e1rea, mas Raul Gustavo apareceu para salvar os paulistas.<br><br>Antes do t\u00e9rmino da primeira etapa, o Corinthians voltou a assustar. Em bola parada j\u00e1 nos acr\u00e9scimos, F\u00e1bio Santos apareceu dentro da \u00e1rea do Flamengo e cabeceou para boa defesa de Santos.<br><br>O Corinthians voltou para o segundo tempo com Renato Augusto, ex-jogador do Flamengo. Com dois minutos, o Tim\u00e3o chegou com perigo em finaliza\u00e7\u00e3o de Adson, que acabou indo para fora da meta de Santos.<\/p>\n\n\n\n<p>No entanto, na primeira escapada que deu no segundo tempo, o Flamengo conseguiu o seu gol. Arrascaeta fez bel\u00edssima jogada pela esquerda e cruzou na medida para Pedro tocar para o fundo das redes e abrir o placar no Maracan\u00e3.<\/p>\n\n\n\n<p>O gol fez o Corinthians sentir e logo depois o Flamengo ficou bem perto de ampliar. Arrascaeta colocou Gabigol na cara do gol, e a bola acabou caindo para a perna direita. O atacante finalizou para boa defesa de C\u00e1ssio.<\/p>\n\n\n\n<p>Aos 23 minutos, a situa\u00e7\u00e3o ficou mais dif\u00edcil para o Corinthians. Bruno M\u00e9ndez colocou a m\u00e3o na bola para ganhar um lance de Pedro. Ap\u00f3s revis\u00e3o do VAR, a arbitragem decidiu expulsar o jogador alvinegro por entender que a jogada significava uma oportunidade clara de gol para o Flamengo.<br>Ap\u00f3s 28 minutos, nova chance. Raul Gustavo perdeu a bola para Thiago Maia, que serviu bem Gabigol. O atacante do Flamengo finalizou duas vezes, na primeira C\u00e1ssio salvou e na segunda Balbuena apareceu para cortar para escanteio. Quatro minutos depois, novamente ele. Gabigol fez grande jogada, entrou dentro da \u00e1rea e finalizou para bela defesa de C\u00e1ssio.<\/p>\n\n\n\n<p>Nos \u00faltimos minutos, Dorival J\u00fanior fez algumas altera\u00e7\u00f5es colocando Everton Cebolinha, Victor Hugo e Arturo Vidal. O Flamengo n\u00e3o aumentou o ritmo e foi controlando a partida at\u00e9 o fim. A vit\u00f3ria e a classifica\u00e7\u00e3o j\u00e1 estavam garantidas.<\/p>\n\n\n\n<p><strong><em>Acompanhe tamb\u00e9m o SE Not\u00edcias no\u00a0<a rel=\"noreferrer noopener\" href=\"https:\/\/twitter.com\/Senoticias\" target=\"_blank\">Twitter<\/a>,\u00a0<a rel=\"noreferrer noopener\" href=\"https:\/\/www.facebook.com\/senoticias1\" target=\"_blank\">Facebook<\/a>\u00a0e no\u00a0<a rel=\"noreferrer noopener\" href=\"https:\/\/www.instagram.com\/senoticias\/\" target=\"_blank\">Instagram<\/a><\/em><\/strong><\/p>\n\n\n\n<p>Fonte: O Dia<\/p>\n","protected":false},"excerpt":{"rendered":"<p>O Flamengo est\u00e1 novamente nas semifinais da Libertadores. Com gol de Pedro, o Rubro-Negro voltou a vencer o Corinthians, desta vez por 1 a 0, no Maracan\u00e3 e garantiu a vaga na pr\u00f3xima fase da competi\u00e7\u00e3o. A partida foi mais equilibrada, principalmente no primeiro tempo, mas ap\u00f3s o gol do centroavante, marcado no come\u00e7o do [&hellip;]<\/p>\n","protected":false},"author":6557,"featured_media":0,"comment_status":"closed","ping_status":"closed","sticky":false,"template":"","format":"standard","meta":{"footnotes":""},"categories":[15,26,1],"tags":[37079,37080],"class_list":{"0":"post-133645","1":"post","2":"type-post","3":"status-publish","4":"format-standard","6":"category-destaques","7":"category-esportes","8":"category-sem-categoria","9":"tag-flamengo-e-corinthians","10":"tag-semifinais-da-libertadores"},"_links":{"self":[{"href":"https:\/\/senoticias.com.br\/se\/wp-json\/wp\/v2\/posts\/133645"}],"collection":[{"href":"https:\/\/senoticias.com.br\/se\/wp-json\/wp\/v2\/posts"}],"about":[{"href":"https:\/\/senoticias.com.br\/se\/wp-json\/wp\/v2\/types\/post"}],"author":[{"embeddable":true,"href":"https:\/\/senoticias.com.br\/se\/wp-json\/wp\/v2\/users\/6557"}],"replies":[{"embeddable":true,"href":"https:\/\/senoticias.com.br\/se\/wp-json\/wp\/v2\/comments?post=133645"}],"version-history":[{"count":0,"href":"https:\/\/senoticias.com.br\/se\/wp-json\/wp\/v2\/posts\/133645\/revisions"}],"wp:attachment":[{"href":"https:\/\/senoticias.com.br\/se\/wp-json\/wp\/v2\/media?parent=133645"}],"wp:term":[{"taxonomy":"category","embeddable":true,"href":"https:\/\/senoticias.com.br\/se\/wp-json\/wp\/v2\/categories?post=133645"},{"taxonomy":"post_tag","embeddable":true,"href":"https:\/\/senoticias.com.br\/se\/wp-json\/wp\/v2\/tags?post=133645"}],"curies":[{"name":"wp","href":"https:\/\/api.w.org\/{rel}","templated":true}]}}