{"id":133641,"date":"2022-08-09T19:14:40","date_gmt":"2022-08-09T22:14:40","guid":{"rendered":"https:\/\/senoticias.com.br\/se\/?p=133641"},"modified":"2022-08-09T20:02:38","modified_gmt":"2022-08-09T23:02:38","slug":"rogerio-carvalho-almoca-com-medicos-em-aracaju-e-debate-sobre-a-saude-em-sergipe","status":"publish","type":"post","link":"https:\/\/senoticias.com.br\/se\/rogerio-carvalho-almoca-com-medicos-em-aracaju-e-debate-sobre-a-saude-em-sergipe\/","title":{"rendered":"Rog\u00e9rio Carvalho almo\u00e7a com m\u00e9dicos em Aracaju e debate sobre a Sa\u00fade em Sergipe"},"content":{"rendered":"\n<p><\/p>\n\n\n\n<p>O candidato ao Governo de Sergipe, Rog\u00e9rio Carvalho (PT), participou, nesta ter\u00e7a-feira, 09, de um almo\u00e7o, a convite do m\u00e9dico ginecologista, obstetra e empreendedor do ramo da sa\u00fade particular, dr\u00ba Carlos Wagner Bravo de Oliveira, realizado no Centro M\u00e9dico Jardins, em Aracaju. Durante o encontro, amigos de longa data conversaram sobre o amor que ambos nutrem pelas pautas da sa\u00fade, economia e, tamb\u00e9m, o atual momento pol\u00edtico que o Brasil e o estado vivem.<\/p>\n\n\n\n<figure class=\"wp-block-image size-large\"><img loading=\"lazy\" decoding=\"async\" width=\"596\" height=\"426\" src=\"https:\/\/senoticias.com.br\/se\/wp-content\/uploads\/2022\/08\/Rogerio-com-Medicos-SE-Noticias.jpeg\" alt=\"\" class=\"wp-image-133643\" srcset=\"https:\/\/senoticias.com.br\/se\/wp-content\/uploads\/2022\/08\/Rogerio-com-Medicos-SE-Noticias.jpeg 596w, https:\/\/senoticias.com.br\/se\/wp-content\/uploads\/2022\/08\/Rogerio-com-Medicos-SE-Noticias-300x214.jpeg 300w\" sizes=\"(max-width: 596px) 100vw, 596px\" \/><figcaption>Escolhido por Lula na disputa pelo Governo do Estado apresentou pontos de seu programa de governo direcionados \u00e0 sa\u00fade dos sergipanos &#8211; Foto: Jana\u00edna Santos<\/figcaption><\/figure>\n\n\n\n<p>&#8220;Conhe\u00e7o Rog\u00e9rio h\u00e1 muitos anos e tenho muita admira\u00e7\u00e3o pelo trabalho dele, obviamente. Essa foi uma oportunidade que vimos para que ele pudesse encontrar os colegas, uns mais jovens e outros contempor\u00e2neos de sua gradua\u00e7\u00e3o. Porque encontro com Rog\u00e9rio frequentemente h\u00e1 muitos anos e, hoje, conseguimos nos reunir, porque surgiu essa oportunidade hoje em nossas agendas para esse momento de congra\u00e7amento para quebrar um pouco a rotina \u00e1rdua, cansativa e estressante da vida em hospital\u201d, explicou dr\u00ba Wagner.<\/p>\n\n\n\n<p>De acordo com o escolhido por Lula em Sergipe, durante o almo\u00e7o, que contou com a presen\u00e7a de m\u00e9dicos, professores universit\u00e1rios e empres\u00e1rios da \u00e1rea da sa\u00fade, os convidados questionaram sobre seu programa de governo e quais projetos o petista defende para a sa\u00fade no Estado. \u201cFoi uma conversa muito gratificante em que pudemos debater esse tema t\u00e3o necess\u00e1rio, e que tem nos causado tanta preocupa\u00e7\u00e3o, dada a situa\u00e7\u00e3o que a sa\u00fade sergipana se encontra. Apresentamos tudo que temos pensado para transformar a aten\u00e7\u00e3o \u00e0 sa\u00fade em Sergipe, atrav\u00e9s de a\u00e7\u00f5es focadas na amplia\u00e7\u00e3o do atendimento e maior celeridade dos servi\u00e7os prestados \u00e0 popula\u00e7\u00e3o, e a recep\u00e7\u00e3o foi bastante positiva\u201d, disse Rog\u00e9rio Carvalho.<\/p>\n\n\n\n<p>\u201c\u00c9 sempre um prazer muito grande estar com ele, porque gosto muito de Rog\u00e9rio&#8221;, acrescentou dr\u00ba Wagner.<\/p>\n\n\n\n<p><strong>Presen\u00e7as<\/strong><\/p>\n\n\n\n<p>O encontro contou com a presen\u00e7a do diretor t\u00e9cnico do Hospital Primavera, dr\u00ba Ricardo Leite; do Superintendente M\u00e9dico da Rede Primavera, dr\u00ba Guilherme do Esp\u00edrito Santo; do hematologista, dr\u00ba Carlos Guimar\u00e3es; do dr\u00ba Carlos Eduardo, do cardiologista, dr\u00ba Fabr\u00edcio dos Anjos; do infectologista, dr\u00ba Jonas Rytholz; da neurologista, dr\u00aa Lis Campos; do radiologista dr\u00ba Marcelo Bravo; e do diretor Luiz Neto.<\/p>\n\n\n\n<p><strong><em>Acompanhe tamb\u00e9m o SE Not\u00edcias no\u00a0<a rel=\"noreferrer noopener\" href=\"https:\/\/twitter.com\/Senoticias\" target=\"_blank\">Twitter<\/a>,\u00a0<a rel=\"noreferrer noopener\" href=\"https:\/\/www.facebook.com\/senoticias1\" target=\"_blank\">Facebook<\/a>\u00a0e no\u00a0<a rel=\"noreferrer noopener\" href=\"https:\/\/www.instagram.com\/senoticias\/\" target=\"_blank\">Instagram<\/a><\/em><\/strong><\/p>\n\n\n\n<p>Fonte: Assessoria de Comunica\u00e7\u00e3o<\/p>\n","protected":false},"excerpt":{"rendered":"<p>O candidato ao Governo de Sergipe, Rog\u00e9rio Carvalho (PT), participou, nesta ter\u00e7a-feira, 09, de um almo\u00e7o, a convite do m\u00e9dico ginecologista, obstetra e empreendedor do ramo da sa\u00fade particular, dr\u00ba Carlos Wagner Bravo de Oliveira, realizado no Centro M\u00e9dico Jardins, em Aracaju. Durante o encontro, amigos de longa data conversaram sobre o amor que ambos [&hellip;]<\/p>\n","protected":false},"author":6557,"featured_media":0,"comment_status":"closed","ping_status":"closed","sticky":false,"template":"","format":"standard","meta":{"footnotes":""},"categories":[15,6,1],"tags":[],"class_list":{"0":"post-133641","1":"post","2":"type-post","3":"status-publish","4":"format-standard","6":"category-destaques","7":"category-politica","8":"category-sem-categoria"},"_links":{"self":[{"href":"https:\/\/senoticias.com.br\/se\/wp-json\/wp\/v2\/posts\/133641"}],"collection":[{"href":"https:\/\/senoticias.com.br\/se\/wp-json\/wp\/v2\/posts"}],"about":[{"href":"https:\/\/senoticias.com.br\/se\/wp-json\/wp\/v2\/types\/post"}],"author":[{"embeddable":true,"href":"https:\/\/senoticias.com.br\/se\/wp-json\/wp\/v2\/users\/6557"}],"replies":[{"embeddable":true,"href":"https:\/\/senoticias.com.br\/se\/wp-json\/wp\/v2\/comments?post=133641"}],"version-history":[{"count":0,"href":"https:\/\/senoticias.com.br\/se\/wp-json\/wp\/v2\/posts\/133641\/revisions"}],"wp:attachment":[{"href":"https:\/\/senoticias.com.br\/se\/wp-json\/wp\/v2\/media?parent=133641"}],"wp:term":[{"taxonomy":"category","embeddable":true,"href":"https:\/\/senoticias.com.br\/se\/wp-json\/wp\/v2\/categories?post=133641"},{"taxonomy":"post_tag","embeddable":true,"href":"https:\/\/senoticias.com.br\/se\/wp-json\/wp\/v2\/tags?post=133641"}],"curies":[{"name":"wp","href":"https:\/\/api.w.org\/{rel}","templated":true}]}}