{"id":133636,"date":"2022-08-09T16:20:29","date_gmt":"2022-08-09T19:20:29","guid":{"rendered":"https:\/\/senoticias.com.br\/se\/?p=133636"},"modified":"2022-08-09T16:38:16","modified_gmt":"2022-08-09T19:38:16","slug":"prefeitura-de-aracaju-divulga-40-oportunidades-de-emprego-atraves-da-fundat","status":"publish","type":"post","link":"https:\/\/senoticias.com.br\/se\/prefeitura-de-aracaju-divulga-40-oportunidades-de-emprego-atraves-da-fundat\/","title":{"rendered":"Prefeitura de Aracaju divulga 40 oportunidades de emprego atrav\u00e9s da Fundat"},"content":{"rendered":"\n<p>Nesta segunda, 8, a Prefeitura de Aracaju, por meio do servi\u00e7o de encaminhamento ao mercado de trabalho realizado pela Ag\u00eancia do Trabalhador da Funda\u00e7\u00e3o Municipal de Forma\u00e7\u00e3o para o Trabalho (Fundat), anuncia a oferta de 40 vagas de emprego destinadas aos cidad\u00e3os que est\u00e3o em busca de uma oportunidade profissional que possibilita a independ\u00eancia financeira.<\/p>\n\n\n\n<figure class=\"wp-block-image size-large\"><img loading=\"lazy\" decoding=\"async\" width=\"599\" height=\"408\" src=\"https:\/\/senoticias.com.br\/se\/wp-content\/uploads\/2016\/11\/Sergipe-gera-mais-empregos-em-outubro-SE-noticias-e1480251358888.jpg\" alt=\"\" class=\"wp-image-98285\"\/><figcaption>Fundat divulga 40 oportunidades de emprego em Aracaju &#8211; Foto: arquivo\/ Abr<\/figcaption><\/figure>\n\n\n\n<p>As vagas destinadas \u00e0 ampla concorr\u00eancia s\u00e3o para as fun\u00e7\u00f5es de vendedor externo, chefe de caixa, balconista de farm\u00e1cia, operador de caixa, soldador, montador de m\u00f3veis, auxiliar administrativo, auxiliar de cozinha, vendedor interno, consultor de vendas, mec\u00e2nico automotivo, chapista automotivo, recepcionista de hotel, repositor, subgerente de loja, cozinheiro e gar\u00e7om.<\/p>\n\n\n\n<p>Al\u00e9m disto, a Fundat, tamb\u00e9m est\u00e1 com oportunidade de emprego para Pessoa com Defici\u00eancia para as fun\u00e7\u00f5es de conferente, auxiliar de expedi\u00e7\u00e3o, assistente de vendas e auxiliar administrativo.<\/p>\n\n\n\n<p>Os interessados em se candidatar aos processos seletivos referentes \u00e0s vagas dispon\u00edveis podem cadastrar o curr\u00edculo das seguintes formas: atrav\u00e9s do link https:\/\/abre.ai\/egNV; comparecendo \u00e0 sede da Fundat, no cal\u00e7ad\u00e3o da rua Jo\u00e3o Pessoa, 127, Centro, portando RG, CPF e curr\u00edculo, ou ainda ligando para <strong>(79) 9 9132-1200.<\/strong><\/p>\n\n\n\n<p>O hor\u00e1rio de funcionamento da Fundat \u00e9 de segunda a sexta-feira, das 7h \u00e0s 17h. Para outras informa\u00e7\u00f5es, basta entrar em contato por meio dos telefones: (79) 3179-1331 ou (79) 9 9132-1200.<\/p>\n\n\n\n<p><strong>Pr\u00e9-requisitos<\/strong><\/p>\n\n\n\n<p><strong>Vendedor externo<\/strong> &#8211; Pr\u00e9-requisitos: ensino m\u00e9dio completo, experi\u00eancia em call center, \u00e1rea financeira ou cons\u00f3rcio;<br><strong>Vendedor externo<\/strong> &#8211; Pr\u00e9-requisito: experi\u00eancia em vendas<br><strong>Chefe de caixa<\/strong> &#8211; Pr\u00e9-requisitos: ensino m\u00e9dio completo e experi\u00eancia na \u00e1rea<br><strong>Balconista de farm\u00e1cia<\/strong> &#8211;  Pr\u00e9-requisitos: ensino m\u00e9dio completo, experi\u00eancia na \u00e1rea e disponibilidade para trabalhar na Barra dos Coqueiros.<br><strong>Operador de caixa<\/strong> &#8211; Pr\u00e9-requisitos: ensino m\u00e9dio completo, experi\u00eancia na \u00e1rea e disponibilidade para trabalhar na Barra dos Coqueiros<br><strong>Soldador<\/strong> &#8211; Pr\u00e9-requisito: experi\u00eancia na \u00e1rea.<br><strong>Montador de m\u00f3veis<\/strong> &#8211; Pr\u00e9-requisitos: experi\u00eancia em montagem de m\u00f3veis planejados.<br><strong>Auxiliar administrativo<\/strong> &#8211; Pr\u00e9-requisitos: estar cursando ensino superior em Administra\u00e7\u00e3o, ter habilidade com excel, sistemas em gerais e n\u00e3o requer experi\u00eancia.<br><strong>Auxiliar de cozinha<\/strong> &#8211; Pr\u00e9-requisito: n\u00e3o requer experi\u00eancia<br><strong>Vendedor interno<\/strong> &#8211; Pr\u00e9-requisitos: habilidade em vendas e n\u00e3o requer experi\u00eancia.<br><strong>Consultor de vendas<\/strong> &#8211; Pr\u00e9-requisitos: ensino superior completo e n\u00e3o requer experi\u00eancia.<br><strong>Mec\u00e2nico automotivo<\/strong> &#8211; Pr\u00e9-requisito: experi\u00eancia na \u00e1rea.<br><strong>Chapista automotivo<\/strong> &#8211; Pr\u00e9-requisito: experi\u00eancia na \u00e1rea.<br><strong>Recepcionista de hotel<\/strong> &#8211; Pr\u00e9-requisitos: ensino m\u00e9dio completo, experi\u00eancia com atendimento\/recep\u00e7\u00e3o de hotel, necess\u00e1rio falar ingl\u00eas fluente, ter habilidade com inform\u00e1tica e disponibilidade para trabalho noturno.<br><strong>Repositor<\/strong> &#8211; Pr\u00e9-requisitos: ensino m\u00e9dio completo e experi\u00eancia na \u00e1rea.<br><strong>Subgerente de loja<\/strong> &#8211; Pr\u00e9-requisitos: ensino m\u00e9dio completo e experi\u00eancia na \u00e1rea.<br><strong>Cozinheiro<\/strong> &#8211; Pr\u00e9-requisitos: ensino m\u00e9dio completo e experi\u00eancia na \u00e1rea.<br><strong>Gar\u00e7om<\/strong> &#8211; Pr\u00e9-requisitos: ensino m\u00e9dio completo e experi\u00eancia na \u00e1rea.<br><strong>Vagas para Pessoa com Defici\u00eancia (PCD)<\/strong><br><strong>Conferente<\/strong> &#8211;  Pr\u00e9-requisito: n\u00e3o requer experi\u00eancia.<br><strong>Auxiliar de expedi\u00e7\u00e3o<\/strong> &#8211; Pr\u00e9-requisito: n\u00e3o requer experi\u00eancia.<br><strong>Assistente de vendas<\/strong> &#8211;  Pr\u00e9-requisito: n\u00e3o requer experi\u00eancia.<br><strong>Auxiliar administrativo<\/strong> &#8211; Pr\u00e9-requisito: n\u00e3o requer experi\u00eancia.<\/p>\n\n\n\n<p><strong><em>Acompanhe tamb\u00e9m o SE Not\u00edcias no\u00a0<a rel=\"noreferrer noopener\" href=\"https:\/\/twitter.com\/Senoticias\" target=\"_blank\">Twitter<\/a>,\u00a0<a rel=\"noreferrer noopener\" href=\"https:\/\/www.facebook.com\/senoticias1\" target=\"_blank\">Facebook<\/a>\u00a0e no\u00a0<a rel=\"noreferrer noopener\" href=\"https:\/\/www.instagram.com\/senoticias\/\" target=\"_blank\">Instagram<\/a><\/em><\/strong><\/p>\n\n\n\n<p>Fonte: AAN<\/p>\n","protected":false},"excerpt":{"rendered":"<p>Nesta segunda, 8, a Prefeitura de Aracaju, por meio do servi\u00e7o de encaminhamento ao mercado de trabalho realizado pela Ag\u00eancia do Trabalhador da Funda\u00e7\u00e3o Municipal de Forma\u00e7\u00e3o para o Trabalho (Fundat), anuncia a oferta de 40 vagas de emprego destinadas aos cidad\u00e3os que est\u00e3o em busca de uma oportunidade profissional que possibilita a independ\u00eancia financeira. [&hellip;]<\/p>\n","protected":false},"author":6557,"featured_media":0,"comment_status":"closed","ping_status":"closed","sticky":false,"template":"","format":"standard","meta":{"footnotes":""},"categories":[15,6],"tags":[54,6208,641,213],"class_list":{"0":"post-133636","1":"post","2":"type-post","3":"status-publish","4":"format-standard","6":"category-destaques","7":"category-politica","8":"tag-empregos-2","9":"tag-fundacao-municipal-de-formacao-para-o-trabalho","10":"tag-fundat","11":"tag-prefeitura-de-aracaju"},"_links":{"self":[{"href":"https:\/\/senoticias.com.br\/se\/wp-json\/wp\/v2\/posts\/133636"}],"collection":[{"href":"https:\/\/senoticias.com.br\/se\/wp-json\/wp\/v2\/posts"}],"about":[{"href":"https:\/\/senoticias.com.br\/se\/wp-json\/wp\/v2\/types\/post"}],"author":[{"embeddable":true,"href":"https:\/\/senoticias.com.br\/se\/wp-json\/wp\/v2\/users\/6557"}],"replies":[{"embeddable":true,"href":"https:\/\/senoticias.com.br\/se\/wp-json\/wp\/v2\/comments?post=133636"}],"version-history":[{"count":0,"href":"https:\/\/senoticias.com.br\/se\/wp-json\/wp\/v2\/posts\/133636\/revisions"}],"wp:attachment":[{"href":"https:\/\/senoticias.com.br\/se\/wp-json\/wp\/v2\/media?parent=133636"}],"wp:term":[{"taxonomy":"category","embeddable":true,"href":"https:\/\/senoticias.com.br\/se\/wp-json\/wp\/v2\/categories?post=133636"},{"taxonomy":"post_tag","embeddable":true,"href":"https:\/\/senoticias.com.br\/se\/wp-json\/wp\/v2\/tags?post=133636"}],"curies":[{"name":"wp","href":"https:\/\/api.w.org\/{rel}","templated":true}]}}