{"id":133601,"date":"2022-08-06T09:27:03","date_gmt":"2022-08-06T12:27:03","guid":{"rendered":"https:\/\/senoticias.com.br\/se\/?p=133601"},"modified":"2022-08-06T09:27:15","modified_gmt":"2022-08-06T12:27:15","slug":"rogerio-carvalho-oficializa-candidatura-ao-governo-de-sergipe-e-sera-o-unico-apoiado-por-lula","status":"publish","type":"post","link":"https:\/\/senoticias.com.br\/se\/rogerio-carvalho-oficializa-candidatura-ao-governo-de-sergipe-e-sera-o-unico-apoiado-por-lula\/","title":{"rendered":"Rog\u00e9rio Carvalho oficializa candidatura ao Governo de Sergipe e ser\u00e1 o \u00fanico apoiado por Lula"},"content":{"rendered":"\n<p>Rog\u00e9rio Carvalho (PT), confirmou sua candidatura a governador de Sergipe nesta sexta-feira, 05, e se tornou, oficialmente, o escolhido de Lula no Estado. O an\u00fancio foi feito durante ato p\u00fablico realizado pela coliga\u00e7\u00e3o \u201cSergipe da Esperan\u00e7a\u201d, formada pelo Partido dos Trabalhadores, Partido Socialista Brasileiro (PSB), Partido Verde (PV), Movimento Democr\u00e1tico Brasileiro (MDB), Partido Comunista do Brasil (PC do B) e pelo Solidariedade.<\/p>\n\n\n\n<figure class=\"wp-block-image size-large\"><img loading=\"lazy\" decoding=\"async\" width=\"589\" height=\"420\" src=\"https:\/\/senoticias.com.br\/se\/wp-content\/uploads\/2022\/08\/Rogerio-candidato-SE-Noticias.jpg\" alt=\"\" class=\"wp-image-133602\" srcset=\"https:\/\/senoticias.com.br\/se\/wp-content\/uploads\/2022\/08\/Rogerio-candidato-SE-Noticias.jpg 589w, https:\/\/senoticias.com.br\/se\/wp-content\/uploads\/2022\/08\/Rogerio-candidato-SE-Noticias-300x214.jpg 300w\" sizes=\"(max-width: 589px) 100vw, 589px\" \/><figcaption>Petista foi oficializado candidato depois de ser aprovado pelas conven\u00e7\u00f5es dos partidos da Federa\u00e7\u00e3o (PT, PV, PCdoB) e da Coliga\u00e7\u00e3o (PSB, MDB, Solidariedade) &#8211; Foto: ascom\/Rog\u00e9rio<\/figcaption><\/figure>\n\n\n\n<p>Na solenidade, que contou com a presen\u00e7a de representantes de todas as siglas que comp\u00f5em a chapa, Rog\u00e9rio Carvalho falou sobre o que significa se candidatar a um cargo t\u00e3o importante. \u201c\u00c9 muito honroso para mim, ter sido escolhido candidato a governador do meu estado pelos partidos que comp\u00f5em a nossa federa\u00e7\u00e3o. N\u00f3s n\u00e3o escondemos nossos aliados. Temos lado e assumimos quem est\u00e1 ao nosso lado. Os outros, n\u00e3o. Porque, ao nosso lado, est\u00e1 verdadeiramente o \u00fanico Time de Lula em Sergipe. N\u00e3o h\u00e1 outro. E n\u00e3o haver\u00e1 dois palanques em nosso estado. Jackson Barreto, por exemplo, \u00e9 um democrata que sempre esteve ao lado de Lula. Assim como Sergio Gama, Valadares Filho e todos os demais companheiros e companheiras que est\u00e3o juntos nessa caminhada. Do outro lado, eles n\u00e3o querem mostrar que t\u00eam candidato ao Senado que \u00e9 bolsominion de carteirinha\u201d.<\/p>\n\n\n\n<p>Rog\u00e9rio Carvalho ainda destacou a import\u00e2ncia do ex-governador Marcelo D\u00e9da (PT) para a pol\u00edtica do Brasil e, tamb\u00e9m, a forte influ\u00eancia que exerceu em sua pr\u00f3pria caminhada. \u201cHonrarei todos os ensinamentos do meu amigo, do meu companheiro Marcelo D\u00e9da. N\u00f3s temos uma hist\u00f3ria de constru\u00e7\u00e3o de experi\u00eancia de gest\u00e3o p\u00fablica e, juntos, fizemos uma revolu\u00e7\u00e3o na sa\u00fade de mais de 30 anos em apenas 3\u201d, afirmou.<\/p>\n\n\n\n<p>\u201cS\u00f3 quem tem amor pelo povo sabe como mudar a vida dos sergipanos\u201d<br>Em outro momento de seu discurso, o futuro governador Rog\u00e9rio Carvalho comentou sobre a import\u00e2ncia de colocar amor em toda e qualquer a\u00e7\u00e3o. Independentemente de estar ou n\u00e3o dentro da pol\u00edtica. \u201cA gente precisa sentir, l\u00e1 no fundo do peito, onde estamos e do que fazemos parte. E n\u00f3s estamos envolvidos em uma obra revolucion\u00e1ria que vai tirar as pessoas da fome, da sede, da invisibilidade, do analfabetismo\u201d, pontuou.<\/p>\n\n\n\n<p>\u201cLembro-me da primeira vez que estive com o presidente Lula, em 1990. Ele sempre representou a unidade e a constru\u00e7\u00e3o da luta popular dos mais diversos segmentos da sociedade. E, quando se tornou presidente, Lula influenciou o mundo inteiro. Precisamos dar um basta nesse tipo de gente que quer comandar a sociedade, mas que acha que as mulheres s\u00e3o inferiores, que menospreza as pessoas LGBTQIA+ e que s\u00e3o racistas e preconceituosas com os pobres. N\u00e3o podemos mais aceitar isso em nosso meio\u201d, complementou.<\/p>\n\n\n\n<p>Rog\u00e9rio Carvalho tamb\u00e9m relembrou os tempos em que assumiu as secretarias de Sa\u00fade de Aracaju e do Estado, per\u00edodo em que trouxe uma verdadeira revolu\u00e7\u00e3o na aten\u00e7\u00e3o \u00e0 sa\u00fade dos sergipanos, com a cria\u00e7\u00e3o do Servi\u00e7o de Atendimento M\u00e9dico de Urg\u00eancia (Samu), constru\u00e7\u00e3o de mais de 100 cl\u00ednicas da Sa\u00fade da Fam\u00edlia, al\u00e9m da cria\u00e7\u00e3o de hospitais na capital e munic\u00edpios do interior.<\/p>\n\n\n\n<p>\u201cLembro muito bem quando fui Secret\u00e1rio da Sa\u00fade de D\u00e9da, Sergipe foi o 1\u00b0 estado a receber o Samu. Foi em nosso estado, que plantamos essa semente e, como foi naquela \u00e9poca, voltarei a cuidar da nossa terra, para que nosso povo possa voltar a semear e a colher os frutos da prosperidade\u201d, disse o candidato de Lula no Sergipe.<\/p>\n\n\n\n<p><strong>Coliga\u00e7\u00e3o Sergipe da Esperan\u00e7a<\/strong><br><br>A coliga\u00e7\u00e3o Sergipe da Esperan\u00e7a, encabe\u00e7ada por Rog\u00e9rio Carvalho, e composta pelo PT, PSB, PC do B, MDB, PV e Solidariedade, apresentou, al\u00e9m dos nomes da chapa majorit\u00e1ria, 53 candidatos e candidatas \u00e0 Assembleia Legislativa de Sergipe (Alese) e 25 postulantes \u00e0 C\u00e2mara dos Deputados.<\/p>\n\n\n\n<p><strong><em>Acompanhe tamb\u00e9m o SE Not\u00edcias no\u00a0<a rel=\"noreferrer noopener\" href=\"https:\/\/twitter.com\/Senoticias\" target=\"_blank\">Twitter<\/a>,\u00a0<a rel=\"noreferrer noopener\" href=\"https:\/\/www.facebook.com\/senoticias1\" target=\"_blank\">Facebook<\/a>\u00a0e no\u00a0<a rel=\"noreferrer noopener\" href=\"https:\/\/www.instagram.com\/senoticias\/\" target=\"_blank\">Instagram<\/a><\/em><\/strong><\/p>\n\n\n\n<p>Fonte: Assessoria de Comunica\u00e7\u00e3o<\/p>\n","protected":false},"excerpt":{"rendered":"<p>Rog\u00e9rio Carvalho (PT), confirmou sua candidatura a governador de Sergipe nesta sexta-feira, 05, e se tornou, oficialmente, o escolhido de Lula no Estado. O an\u00fancio foi feito durante ato p\u00fablico realizado pela coliga\u00e7\u00e3o \u201cSergipe da Esperan\u00e7a\u201d, formada pelo Partido dos Trabalhadores, Partido Socialista Brasileiro (PSB), Partido Verde (PV), Movimento Democr\u00e1tico Brasileiro (MDB), Partido Comunista do [&hellip;]<\/p>\n","protected":false},"author":6557,"featured_media":0,"comment_status":"closed","ping_status":"closed","sticky":false,"template":"","format":"standard","meta":{"footnotes":""},"categories":[15,6],"tags":[12125,448,3461,37053],"class_list":{"0":"post-133601","1":"post","2":"type-post","3":"status-publish","4":"format-standard","6":"category-destaques","7":"category-politica","8":"tag-eleicoes-2022","9":"tag-governo-de-sergipe","10":"tag-rogerio-carvalho","11":"tag-rogerio-carvalho-oficializa-candidatura-ao-governo-de-sergipe"},"_links":{"self":[{"href":"https:\/\/senoticias.com.br\/se\/wp-json\/wp\/v2\/posts\/133601"}],"collection":[{"href":"https:\/\/senoticias.com.br\/se\/wp-json\/wp\/v2\/posts"}],"about":[{"href":"https:\/\/senoticias.com.br\/se\/wp-json\/wp\/v2\/types\/post"}],"author":[{"embeddable":true,"href":"https:\/\/senoticias.com.br\/se\/wp-json\/wp\/v2\/users\/6557"}],"replies":[{"embeddable":true,"href":"https:\/\/senoticias.com.br\/se\/wp-json\/wp\/v2\/comments?post=133601"}],"version-history":[{"count":0,"href":"https:\/\/senoticias.com.br\/se\/wp-json\/wp\/v2\/posts\/133601\/revisions"}],"wp:attachment":[{"href":"https:\/\/senoticias.com.br\/se\/wp-json\/wp\/v2\/media?parent=133601"}],"wp:term":[{"taxonomy":"category","embeddable":true,"href":"https:\/\/senoticias.com.br\/se\/wp-json\/wp\/v2\/categories?post=133601"},{"taxonomy":"post_tag","embeddable":true,"href":"https:\/\/senoticias.com.br\/se\/wp-json\/wp\/v2\/tags?post=133601"}],"curies":[{"name":"wp","href":"https:\/\/api.w.org\/{rel}","templated":true}]}}