{"id":133569,"date":"2022-08-04T09:46:44","date_gmt":"2022-08-04T12:46:44","guid":{"rendered":"https:\/\/senoticias.com.br\/se\/?p=133569"},"modified":"2022-08-04T10:03:05","modified_gmt":"2022-08-04T13:03:05","slug":"tribunal-superior-eleitoral-nega-pedido-para-suspender-decisao-de-inelegibilidade-de-valmir","status":"publish","type":"post","link":"https:\/\/senoticias.com.br\/se\/tribunal-superior-eleitoral-nega-pedido-para-suspender-decisao-de-inelegibilidade-de-valmir\/","title":{"rendered":"Tribunal Superior Eleitoral nega pedido para suspender decis\u00e3o de inelegibilidade de Valmir"},"content":{"rendered":"\n<p><\/p>\n\n\n\n<p>O Supremo Tribunal Federal (STF) indeferiu um pedido de liminar para suspens\u00e3o da inelegibilidade do ex-prefeito de Itabaiana e pr\u00e9-candidato ao Governo de Sergipe, Valmir de Francisquinho (PL). A negativa foi tomada na \u00faltima ter\u00e7a-feira (2).<\/p>\n\n\n\n<figure class=\"wp-block-image size-large\"><img loading=\"lazy\" decoding=\"async\" width=\"595\" height=\"372\" src=\"https:\/\/senoticias.com.br\/se\/wp-content\/uploads\/2022\/08\/Valmir-de-Francisquinho-SE-Noticias.jpg\" alt=\"\" class=\"wp-image-133570\" srcset=\"https:\/\/senoticias.com.br\/se\/wp-content\/uploads\/2022\/08\/Valmir-de-Francisquinho-SE-Noticias.jpg 595w, https:\/\/senoticias.com.br\/se\/wp-content\/uploads\/2022\/08\/Valmir-de-Francisquinho-SE-Noticias-300x188.jpg 300w, https:\/\/senoticias.com.br\/se\/wp-content\/uploads\/2022\/08\/Valmir-de-Francisquinho-SE-Noticias-120x76.jpg 120w, https:\/\/senoticias.com.br\/se\/wp-content\/uploads\/2022\/08\/Valmir-de-Francisquinho-SE-Noticias-308x192.jpg 308w\" sizes=\"(max-width: 595px) 100vw, 595px\" \/><figcaption>STF nega pedido para suspender decis\u00e3o de inelegibilidade de Valmir &#8211; Foto: arquivo\/PMI<\/figcaption><\/figure>\n\n\n\n<p>No processo, o ministro Lu\u00eds Roberto Barroso explica que, como a decis\u00e3o do Tribunal Superior Eleitoral (TSE) ainda n\u00e3o foi publicada, n\u00e3o h\u00e1 possibilidade de analisar a suspens\u00e3o dos efeitos do julgamento.<\/p>\n\n\n\n<p>Valmir e seu filho Talysson Barbosa Costa foram julgados por abusos de poder pol\u00edtico e econ\u00f4micos cometidos nas elei\u00e7\u00f5es de 2018. Na \u00e9poca, ele estava na gest\u00e3o do munic\u00edpio e teria participado de forma &#8220;excessiva&#8221; da campanha do filho, ent\u00e3o candidato a deputado estadual, utilizando a cor azul na estrutura da prefeitura.<\/p>\n\n\n\n<p>Segundo o Tribunal Superior Eleitoral, a tonalidade estava presente nos pr\u00e9dios p\u00fablicos, canteiros, pra\u00e7as, sites, publica\u00e7\u00f5es e uniformes, fazendo alus\u00e3o \u00e0 &#8220;Onda Azul&#8221; para continuidade da administra\u00e7\u00e3o. A conven\u00e7\u00e3o do Partido Liberal de Sergipe deve acontecer normalmente amanh\u00e3 para oficializa\u00e7\u00e3o dos nomes e n\u00fameros dos candidatos.<\/p>\n\n\n\n<p><strong><em>Acompanhe tamb\u00e9m o SE Not\u00edcias no\u00a0<a rel=\"noreferrer noopener\" href=\"https:\/\/twitter.com\/Senoticias\" target=\"_blank\">Twitter<\/a>,\u00a0<a rel=\"noreferrer noopener\" href=\"https:\/\/www.facebook.com\/senoticias1\" target=\"_blank\">Facebook<\/a>\u00a0e no\u00a0<a rel=\"noreferrer noopener\" href=\"https:\/\/www.instagram.com\/senoticias\/\" target=\"_blank\">Instagram<\/a><\/em><\/strong><\/p>\n\n\n\n<p>Fonte: A8SE.com.br<\/p>\n","protected":false},"excerpt":{"rendered":"<p>O Supremo Tribunal Federal (STF) indeferiu um pedido de liminar para suspens\u00e3o da inelegibilidade do ex-prefeito de Itabaiana e pr\u00e9-candidato ao Governo de Sergipe, Valmir de Francisquinho (PL). A negativa foi tomada na \u00faltima ter\u00e7a-feira (2). No processo, o ministro Lu\u00eds Roberto Barroso explica que, como a decis\u00e3o do Tribunal Superior Eleitoral (TSE) ainda n\u00e3o [&hellip;]<\/p>\n","protected":false},"author":6557,"featured_media":0,"comment_status":"closed","ping_status":"closed","sticky":false,"template":"","format":"standard","meta":{"footnotes":""},"categories":[15,6,1],"tags":[12125,37037,549,550,2800],"class_list":{"0":"post-133569","1":"post","2":"type-post","3":"status-publish","4":"format-standard","6":"category-destaques","7":"category-politica","8":"category-sem-categoria","9":"tag-eleicoes-2022","10":"tag-ex-prefeito-de-itabaiana","11":"tag-tribunal-superior-eleitoral","12":"tag-tse","13":"tag-valmir-de-francisquinho"},"_links":{"self":[{"href":"https:\/\/senoticias.com.br\/se\/wp-json\/wp\/v2\/posts\/133569"}],"collection":[{"href":"https:\/\/senoticias.com.br\/se\/wp-json\/wp\/v2\/posts"}],"about":[{"href":"https:\/\/senoticias.com.br\/se\/wp-json\/wp\/v2\/types\/post"}],"author":[{"embeddable":true,"href":"https:\/\/senoticias.com.br\/se\/wp-json\/wp\/v2\/users\/6557"}],"replies":[{"embeddable":true,"href":"https:\/\/senoticias.com.br\/se\/wp-json\/wp\/v2\/comments?post=133569"}],"version-history":[{"count":0,"href":"https:\/\/senoticias.com.br\/se\/wp-json\/wp\/v2\/posts\/133569\/revisions"}],"wp:attachment":[{"href":"https:\/\/senoticias.com.br\/se\/wp-json\/wp\/v2\/media?parent=133569"}],"wp:term":[{"taxonomy":"category","embeddable":true,"href":"https:\/\/senoticias.com.br\/se\/wp-json\/wp\/v2\/categories?post=133569"},{"taxonomy":"post_tag","embeddable":true,"href":"https:\/\/senoticias.com.br\/se\/wp-json\/wp\/v2\/tags?post=133569"}],"curies":[{"name":"wp","href":"https:\/\/api.w.org\/{rel}","templated":true}]}}