{"id":133562,"date":"2022-08-03T15:47:25","date_gmt":"2022-08-03T18:47:25","guid":{"rendered":"https:\/\/senoticias.com.br\/se\/?p=133562"},"modified":"2022-08-03T16:10:12","modified_gmt":"2022-08-03T19:10:12","slug":"ao-lado-de-belivaldo-fabio-mitidieri-anuncia-zezinho-sobral-como-vice","status":"publish","type":"post","link":"https:\/\/senoticias.com.br\/se\/ao-lado-de-belivaldo-fabio-mitidieri-anuncia-zezinho-sobral-como-vice\/","title":{"rendered":"Ao lado de Belivaldo, F\u00e1bio Mitidieri anuncia Zezinho Sobral como vice"},"content":{"rendered":"\n<p>O pr\u00e9-candidato ao governo do Estado pelo PSD, F\u00e1bio Mitidieri, anunciou o deputado estadual Zezinho Sobral, do PDT, como vice na chapa que disputar\u00e1 o pleito em outubro. O nome de Zezinho foi escolhido ap\u00f3s reuni\u00e3o com o governador Belivaldo Chagas, o prefeito Edvaldo Nogueira e lideran\u00e7as governistas.<\/p>\n\n\n\n<figure class=\"wp-block-image size-large\"><img loading=\"lazy\" decoding=\"async\" width=\"561\" height=\"422\" src=\"https:\/\/senoticias.com.br\/se\/wp-content\/uploads\/2022\/08\/Fabio-e-Zezinho-Sobral-SE-Noticias.jpg\" alt=\"\" class=\"wp-image-133564\" srcset=\"https:\/\/senoticias.com.br\/se\/wp-content\/uploads\/2022\/08\/Fabio-e-Zezinho-Sobral-SE-Noticias.jpg 561w, https:\/\/senoticias.com.br\/se\/wp-content\/uploads\/2022\/08\/Fabio-e-Zezinho-Sobral-SE-Noticias-300x226.jpg 300w, https:\/\/senoticias.com.br\/se\/wp-content\/uploads\/2022\/08\/Fabio-e-Zezinho-Sobral-SE-Noticias-45x35.jpg 45w\" sizes=\"(max-width: 561px) 100vw, 561px\" \/><figcaption>F\u00e1bio Mitidieri anuncia Zezinho Sobral como vice &#8211; Foto: ascom\/F\u00e1bio<\/figcaption><\/figure>\n\n\n\n<p>Com a n\u00e3o aceita\u00e7\u00e3o de Danusa Silva, o prefeito Edvaldo Nogueira trabalhou para que o PDT indicasse outro nome de seu partido. A defini\u00e7\u00e3o ocorreu no in\u00edcio da manh\u00e3 desta quarta-feira, 3. Com isso, a coliga\u00e7\u00e3o \u2018<strong>Novo Tempo Pra Sergipe<\/strong>\u2019 composta pelos partidos PSD- PDT- Progressistas- Republicanos- Uni\u00e3o Brasil ter\u00e1 a chapa com F\u00e1bio Mitidieri para governador, Zezinho Sobral para vice-governador, La\u00e9rcio Oliveira para senador.<\/p>\n\n\n\n<p>F\u00e1bio afirmou que Sobral agrega experi\u00eancia e conhecimento de gest\u00e3o \u00e0 chapa que pretende gerar emprego e combater a fome no estado. L\u00edder do governo na Assembleia Legislativa, o agora pr\u00e9-candidato a vice j\u00e1 atuou como secret\u00e1rio de Sa\u00fade, de Trabalho, de Inclus\u00e3o e de Agricultura.<\/p>\n\n\n\n<p>&#8220;N\u00e3o existe press\u00e3o para escolher vice porque estamos tratando do futuro de nosso estado. Temos responsabilidade com o projeto que estamos construindo. N\u00e3o \u00e9 barganha para enganar eleitor. Zezinho Sobral \u00e9 um pol\u00edtico experiente, l\u00edder do governo, foi secret\u00e1rio em v\u00e1rias pastas. Tem muito o que contribuir e estou muito feliz que ele tenha aceitado o convite para fazer Sergipe avan\u00e7ar comigo&#8221;, afirmou.<\/p>\n\n\n\n<p><strong>Hist\u00f3rico<\/strong><\/p>\n\n\n\n<p>Natural de Laranjeiras e filiado ao PDT, Zezinho Sobral \u00e9 agr\u00f4nomo, advogado, casado, pai de cinco filhos e av\u00f4.<\/p>\n\n\n\n<p>Em 2018, foi candidato pela primeira vez a deputado estadual. Em fevereiro de 2019, na Alese, iniciou o mandato com o foco em debater e solucionar os problemas importantes de Sergipe. Seu foco s\u00e3o as pautas voltadas para a sa\u00fade, agricultura, desenvolvimento, educa\u00e7\u00e3o e turismo sustent\u00e1vel.<\/p>\n\n\n\n<p>Em 2011, foi diretor presidente da Empresa de Desenvolvimento Sustent\u00e1vel do Estado de Sergipe (Pronese), passou pelas Secretarias de Estado do Trabalho, da Juventude e da Promo\u00e7\u00e3o da Igualdade Social (antiga Setrapis), da Agricultura e do Desenvolvimento Rural (Seagri). Foi secret\u00e1rio de Estado do Planejamento e Gest\u00e3o, e secret\u00e1rio chefe da Casa Civil do governo de Sergipe.<\/p>\n\n\n\n<p>Em janeiro de 2015, foi secret\u00e1rio de Estado da Sa\u00fade onde, durante um ano e tr\u00eas meses, contribuiu significativamente para que a sa\u00fade p\u00fablica em Sergipe desse um salto de qualidade na assist\u00eancia ao usu\u00e1rio do Sistema \u00danico de Sa\u00fade (SUS). Em sua gest\u00e3o, o Samu Sergipe foi considerado o melhor do Brasil.<\/p>\n\n\n\n<p>Em 2017, foi para a Secretaria de Estado da Inclus\u00e3o e Assist\u00eancia Social, onde implantou e fortaleceu diversas a\u00e7\u00f5es para atender aos anseios da popula\u00e7\u00e3o que mais precisa, ampliando o di\u00e1logo com agricultores, cooperativas e associa\u00e7\u00f5es, em todas as regi\u00f5es.<\/p>\n\n\n\n<p><strong><em>Acompanhe tamb\u00e9m o SE Not\u00edcias no\u00a0<a rel=\"noreferrer noopener\" href=\"https:\/\/twitter.com\/Senoticias\" target=\"_blank\">Twitter<\/a>,\u00a0<a rel=\"noreferrer noopener\" href=\"https:\/\/www.facebook.com\/senoticias1\" target=\"_blank\">Facebook<\/a>\u00a0e no\u00a0<a rel=\"noreferrer noopener\" href=\"https:\/\/www.instagram.com\/senoticias\/\" target=\"_blank\">Instagram<\/a><\/em><\/strong><\/p>\n\n\n\n<p>Fonte: ascom\/F\u00e1bio Mitidieri <\/p>\n","protected":false},"excerpt":{"rendered":"<p>O pr\u00e9-candidato ao governo do Estado pelo PSD, F\u00e1bio Mitidieri, anunciou o deputado estadual Zezinho Sobral, do PDT, como vice na chapa que disputar\u00e1 o pleito em outubro. O nome de Zezinho foi escolhido ap\u00f3s reuni\u00e3o com o governador Belivaldo Chagas, o prefeito Edvaldo Nogueira e lideran\u00e7as governistas. Com a n\u00e3o aceita\u00e7\u00e3o de Danusa Silva, [&hellip;]<\/p>\n","protected":false},"author":6557,"featured_media":0,"comment_status":"closed","ping_status":"closed","sticky":false,"template":"","format":"standard","meta":{"footnotes":""},"categories":[15,38,1],"tags":[2806,12125,7306,6796,37035],"class_list":{"0":"post-133562","1":"post","2":"type-post","3":"status-publish","4":"format-standard","6":"category-destaques","7":"category-municipios","8":"category-sem-categoria","9":"tag-belivaldo-chagas","10":"tag-eleicoes-2022","11":"tag-fabio-mitidieri","12":"tag-zezinho-sobral","13":"tag-zezinho-sobral-vice"},"_links":{"self":[{"href":"https:\/\/senoticias.com.br\/se\/wp-json\/wp\/v2\/posts\/133562"}],"collection":[{"href":"https:\/\/senoticias.com.br\/se\/wp-json\/wp\/v2\/posts"}],"about":[{"href":"https:\/\/senoticias.com.br\/se\/wp-json\/wp\/v2\/types\/post"}],"author":[{"embeddable":true,"href":"https:\/\/senoticias.com.br\/se\/wp-json\/wp\/v2\/users\/6557"}],"replies":[{"embeddable":true,"href":"https:\/\/senoticias.com.br\/se\/wp-json\/wp\/v2\/comments?post=133562"}],"version-history":[{"count":0,"href":"https:\/\/senoticias.com.br\/se\/wp-json\/wp\/v2\/posts\/133562\/revisions"}],"wp:attachment":[{"href":"https:\/\/senoticias.com.br\/se\/wp-json\/wp\/v2\/media?parent=133562"}],"wp:term":[{"taxonomy":"category","embeddable":true,"href":"https:\/\/senoticias.com.br\/se\/wp-json\/wp\/v2\/categories?post=133562"},{"taxonomy":"post_tag","embeddable":true,"href":"https:\/\/senoticias.com.br\/se\/wp-json\/wp\/v2\/tags?post=133562"}],"curies":[{"name":"wp","href":"https:\/\/api.w.org\/{rel}","templated":true}]}}