{"id":133540,"date":"2022-08-02T18:44:56","date_gmt":"2022-08-02T21:44:56","guid":{"rendered":"https:\/\/senoticias.com.br\/se\/?p=133540"},"modified":"2022-08-02T18:45:03","modified_gmt":"2022-08-02T21:45:03","slug":"acusado-de-atropelar-adolescentes-na-barra-dos-coqueiros-e-indiciado-por-tentativa-de-homicidio","status":"publish","type":"post","link":"https:\/\/senoticias.com.br\/se\/acusado-de-atropelar-adolescentes-na-barra-dos-coqueiros-e-indiciado-por-tentativa-de-homicidio\/","title":{"rendered":"Acusado de atropelar adolescentes na Barra dos Coqueiros \u00e9 indiciado por tentativa de homic\u00eddio"},"content":{"rendered":"\n<p>A Pol\u00edcia Civil informou, nesta ter\u00e7a-feira (2), que o autor do atropelamento de duas jovens na cidade de Barra dos Coqueiros foi indiciado por tentativa de homic\u00eddio e embriaguez ao volante nas investiga\u00e7\u00f5es conduzidas pela 11\u00aa Delegacia Metropolitana (11\u00aa DM). O caso ocorreu no dia 24 de junho.<\/p>\n\n\n\n<figure class=\"wp-block-image size-large\"><img loading=\"lazy\" decoding=\"async\" width=\"595\" height=\"268\" src=\"https:\/\/senoticias.com.br\/se\/wp-content\/uploads\/2022\/08\/Atropelamento-na-barra-dos-coqueiros-SE-noticias.jpg\" alt=\"\" class=\"wp-image-133541\" srcset=\"https:\/\/senoticias.com.br\/se\/wp-content\/uploads\/2022\/08\/Atropelamento-na-barra-dos-coqueiros-SE-noticias.jpg 595w, https:\/\/senoticias.com.br\/se\/wp-content\/uploads\/2022\/08\/Atropelamento-na-barra-dos-coqueiros-SE-noticias-300x135.jpg 300w\" sizes=\"(max-width: 595px) 100vw, 595px\" \/><figcaption>Segundo a Pol\u00edcia Civil, a investiga\u00e7\u00e3o identificou que o suspeito tentou matar uma outra pessoa com o ve\u00edculo &#8211; Reprodu\u00e7\u00e3o\/A8se<\/figcaption><\/figure>\n\n\n\n<p>Segundo o delegado Werner Azevedo, com o decorrer das investiga\u00e7\u00f5es, a tipifica\u00e7\u00e3o penal foi alterada. Antes, ele havia sido preso em flagrante por les\u00e3o corporal culposa na dire\u00e7\u00e3o de ve\u00edculo \u201cN\u00f3s conclu\u00edmos que realmente o carro foi utilizado como uma arma, com dolo eventual, para atingir um desafeto. Mas, ele acabou errando e atingiu pessoas diversas\u201d, detalhou.<\/p>\n\n\n\n<p>Com isso, o condutor do carro foi indiciado por tentativa de homic\u00eddio qualificado por motivo torpe. \u201cE tamb\u00e9m embriaguez ao volante, j\u00e1 que n\u00e3o h\u00e1 uma rela\u00e7\u00e3o de causalidade entre os dois crimes e ambos persistem durante o indiciamento\u201d, pontuou o delegado Werner Azevedo, informando que o inqu\u00e9rito foi encaminhado \u00e0 Justi\u00e7a.<\/p>\n\n\n\n<p><strong><em>Acompanhe tamb\u00e9m o SE Not\u00edcias no\u00a0<a rel=\"noreferrer noopener\" href=\"https:\/\/twitter.com\/Senoticias\" target=\"_blank\">Twitter<\/a>,\u00a0<a rel=\"noreferrer noopener\" href=\"https:\/\/www.facebook.com\/senoticias1\" target=\"_blank\">Facebook<\/a>\u00a0e no\u00a0<a rel=\"noreferrer noopener\" href=\"https:\/\/www.instagram.com\/senoticias\/\" target=\"_blank\">Instagram<\/a><\/em><\/strong><\/p>\n\n\n\n<p>Fonte: SSP\/SE<\/p>\n","protected":false},"excerpt":{"rendered":"<p>A Pol\u00edcia Civil informou, nesta ter\u00e7a-feira (2), que o autor do atropelamento de duas jovens na cidade de Barra dos Coqueiros foi indiciado por tentativa de homic\u00eddio e embriaguez ao volante nas investiga\u00e7\u00f5es conduzidas pela 11\u00aa Delegacia Metropolitana (11\u00aa DM). O caso ocorreu no dia 24 de junho. Segundo o delegado Werner Azevedo, com o [&hellip;]<\/p>\n","protected":false},"author":6557,"featured_media":0,"comment_status":"closed","ping_status":"closed","sticky":false,"template":"","format":"standard","meta":{"footnotes":""},"categories":[15,7],"tags":[37020,3141,3291],"class_list":{"0":"post-133540","1":"post","2":"type-post","3":"status-publish","4":"format-standard","6":"category-destaques","7":"category-policia","8":"tag-atropelamento-na-barra-dos-coqueiros","9":"tag-barra-dos-coqueiros","10":"tag-tentativa-de-homicidio"},"_links":{"self":[{"href":"https:\/\/senoticias.com.br\/se\/wp-json\/wp\/v2\/posts\/133540"}],"collection":[{"href":"https:\/\/senoticias.com.br\/se\/wp-json\/wp\/v2\/posts"}],"about":[{"href":"https:\/\/senoticias.com.br\/se\/wp-json\/wp\/v2\/types\/post"}],"author":[{"embeddable":true,"href":"https:\/\/senoticias.com.br\/se\/wp-json\/wp\/v2\/users\/6557"}],"replies":[{"embeddable":true,"href":"https:\/\/senoticias.com.br\/se\/wp-json\/wp\/v2\/comments?post=133540"}],"version-history":[{"count":0,"href":"https:\/\/senoticias.com.br\/se\/wp-json\/wp\/v2\/posts\/133540\/revisions"}],"wp:attachment":[{"href":"https:\/\/senoticias.com.br\/se\/wp-json\/wp\/v2\/media?parent=133540"}],"wp:term":[{"taxonomy":"category","embeddable":true,"href":"https:\/\/senoticias.com.br\/se\/wp-json\/wp\/v2\/categories?post=133540"},{"taxonomy":"post_tag","embeddable":true,"href":"https:\/\/senoticias.com.br\/se\/wp-json\/wp\/v2\/tags?post=133540"}],"curies":[{"name":"wp","href":"https:\/\/api.w.org\/{rel}","templated":true}]}}