{"id":133538,"date":"2022-08-02T15:11:49","date_gmt":"2022-08-02T18:11:49","guid":{"rendered":"https:\/\/senoticias.com.br\/se\/?p=133538"},"modified":"2022-08-02T17:09:11","modified_gmt":"2022-08-02T20:09:11","slug":"barra-dos-coqueiros-ganhara-centro-de-treinamento-financiado-pela-fifa","status":"publish","type":"post","link":"https:\/\/senoticias.com.br\/se\/barra-dos-coqueiros-ganhara-centro-de-treinamento-financiado-pela-fifa\/","title":{"rendered":"Barra dos Coqueiros ganhar\u00e1 Centro de Treinamento financiado pela FIFA"},"content":{"rendered":"\n<p>\u201cUm sonho que tivemos e que est\u00e1 sendo concretizado\u201d. Essa foi a afirma\u00e7\u00e3o do prefeito da Barra dos Coqueiros, Alberto Macedo, sobre o novo empreendimento que ser\u00e1 constru\u00eddo no munic\u00edpio: o Centro de Treinamento (CT). Implantado pela Confedera\u00e7\u00e3o Brasileira de Futebol (CBF), o CT ser\u00e1 financiado pela Federa\u00e7\u00e3o Internacional de Futebol Associado (FIFA). O gestor municipal esteve reunido nesta ter\u00e7a-feira, 2, na sede da Federa\u00e7\u00e3o Sergipana de Futebol (FSF) para firmar a parceria.<\/p>\n\n\n\n<figure class=\"wp-block-image size-large\"><img loading=\"lazy\" decoding=\"async\" width=\"566\" height=\"377\" src=\"https:\/\/senoticias.com.br\/se\/wp-content\/uploads\/2022\/08\/federacao-futebol-.jpg\" alt=\"\" class=\"wp-image-133539\" srcset=\"https:\/\/senoticias.com.br\/se\/wp-content\/uploads\/2022\/08\/federacao-futebol-.jpg 566w, https:\/\/senoticias.com.br\/se\/wp-content\/uploads\/2022\/08\/federacao-futebol--300x200.jpg 300w, https:\/\/senoticias.com.br\/se\/wp-content\/uploads\/2022\/08\/federacao-futebol--90x60.jpg 90w, https:\/\/senoticias.com.br\/se\/wp-content\/uploads\/2022\/08\/federacao-futebol--180x120.jpg 180w, https:\/\/senoticias.com.br\/se\/wp-content\/uploads\/2022\/08\/federacao-futebol--95x64.jpg 95w\" sizes=\"(max-width: 566px) 100vw, 566px\" \/><figcaption>Barra dos Coqueiros ganhar\u00e1 Centro de Treinamento &#8211; Foto: Moema Costa<\/figcaption><\/figure>\n\n\n\n<p>A escolha do munic\u00edpio para instala\u00e7\u00e3o se d\u00e1 pela expans\u00e3o que a cidade vem apresentando nos \u00faltimos anos. \u201cO Centro de Treinamento faz parte do legado da Fifa, a partir da Copa do Mundo de 2014. Legado este que a FIFA destina parte dos seus lucros num pa\u00eds que realiza copa do mundo para poder fazer investimentos na \u00e1rea social\u201d, presidente da Federa\u00e7\u00e3o Sergipana de Futebol (FSF), Milton Dantas.<\/p>\n\n\n\n<p>A CBF decidiu construir 15 Centros de Treinamento (CTs) nos estados que n\u00e3o receberam jogos da Copa do Mundo. Ao todo, 14 estados e o Distrito Federal ser\u00e3o beneficiados com o projeto, cuja verba \u00e9 de R$ 250 milh\u00f5es, sendo R$ 15 milh\u00f5es para cada centro.<\/p>\n\n\n\n<p><strong>Centro de treinamento<\/strong><\/p>\n\n\n\n<p>O novo CT ser\u00e1 constru\u00eddo no povoado Capu\u00e3, \u00e0s margens da Rodovia SE-100. O local contar\u00e1 ainda com um campo de futebol oficial e arquibancada com capacidade para receber cerca de mil pessoas. Ao todo, cerca de 240 crian\u00e7as, de ambos os sexos, ser\u00e3o beneficiadas com o projeto social. O empreendimento promete potencializar o futebol amador e profissional no estado de Sergipe.<\/p>\n\n\n\n<p>\u201cConseguimos a \u00faltima licen\u00e7a com a Secretaria Municipal de Obras P\u00fablicas na \u00faltima semana. Uma construtora sergipana ganhou a licita\u00e7\u00e3o nacional e, em at\u00e9 sete meses, essa obra ser\u00e1 conclu\u00edda. No local, teremos ainda a sede pr\u00f3pria da federa\u00e7\u00e3o sergipana de futebol na Barra. Estamos felizes com essa chegada desse empreendimento que contemplar\u00e1 os desportistas sergipanos e a popula\u00e7\u00e3o da Barra\u201d, disse Milton.<\/p>\n\n\n\n<p><strong>Fun\u00e7\u00e3o social<\/strong><\/p>\n\n\n\n<p>Al\u00e9m de incentivar o esporte no estado, o CT cumprir\u00e1 uma fun\u00e7\u00e3o social importante. \u201cEsse empreendimento abrir\u00e1 portas para jovens de 7 a 14 anos. Isso repercute muito no futuro da juventude porque eles v\u00e3o optar por uma atividade que beneficiar\u00e1 a sua forma\u00e7\u00e3o como atleta e cidad\u00e3o. O munic\u00edpio de Barra dos Coqueiros, por meio das secretarias municipais de Esporte e Obras, n\u00e3o poderia deixar de dar total apoio para que esse centro fosse concretizado\u201d, destacou o prefeito Alberto.<\/p>\n\n\n\n<p><strong><em>Acompanhe tamb\u00e9m o SE Not\u00edcias no\u00a0<a rel=\"noreferrer noopener\" href=\"https:\/\/twitter.com\/Senoticias\" target=\"_blank\">Twitter<\/a>,\u00a0<a rel=\"noreferrer noopener\" href=\"https:\/\/www.facebook.com\/senoticias1\" target=\"_blank\">Facebook<\/a>\u00a0e no\u00a0<a rel=\"noreferrer noopener\" href=\"https:\/\/www.instagram.com\/senoticias\/\" target=\"_blank\">Instagram<\/a><\/em><\/strong><\/p>\n\n\n\n<p>Secom \/ Barra<\/p>\n\n\n\n<p><\/p>\n\n\n\n<p><\/p>\n","protected":false},"excerpt":{"rendered":"<p>\u201cUm sonho que tivemos e que est\u00e1 sendo concretizado\u201d. Essa foi a afirma\u00e7\u00e3o do prefeito da Barra dos Coqueiros, Alberto Macedo, sobre o novo empreendimento que ser\u00e1 constru\u00eddo no munic\u00edpio: o Centro de Treinamento (CT). Implantado pela Confedera\u00e7\u00e3o Brasileira de Futebol (CBF), o CT ser\u00e1 financiado pela Federa\u00e7\u00e3o Internacional de Futebol Associado (FIFA). O gestor [&hellip;]<\/p>\n","protected":false},"author":6557,"featured_media":0,"comment_status":"closed","ping_status":"closed","sticky":false,"template":"","format":"standard","meta":{"footnotes":""},"categories":[15,26,1],"tags":[3141,37019],"class_list":{"0":"post-133538","1":"post","2":"type-post","3":"status-publish","4":"format-standard","6":"category-destaques","7":"category-esportes","8":"category-sem-categoria","9":"tag-barra-dos-coqueiros","10":"tag-centro-de-treinamento"},"_links":{"self":[{"href":"https:\/\/senoticias.com.br\/se\/wp-json\/wp\/v2\/posts\/133538"}],"collection":[{"href":"https:\/\/senoticias.com.br\/se\/wp-json\/wp\/v2\/posts"}],"about":[{"href":"https:\/\/senoticias.com.br\/se\/wp-json\/wp\/v2\/types\/post"}],"author":[{"embeddable":true,"href":"https:\/\/senoticias.com.br\/se\/wp-json\/wp\/v2\/users\/6557"}],"replies":[{"embeddable":true,"href":"https:\/\/senoticias.com.br\/se\/wp-json\/wp\/v2\/comments?post=133538"}],"version-history":[{"count":0,"href":"https:\/\/senoticias.com.br\/se\/wp-json\/wp\/v2\/posts\/133538\/revisions"}],"wp:attachment":[{"href":"https:\/\/senoticias.com.br\/se\/wp-json\/wp\/v2\/media?parent=133538"}],"wp:term":[{"taxonomy":"category","embeddable":true,"href":"https:\/\/senoticias.com.br\/se\/wp-json\/wp\/v2\/categories?post=133538"},{"taxonomy":"post_tag","embeddable":true,"href":"https:\/\/senoticias.com.br\/se\/wp-json\/wp\/v2\/tags?post=133538"}],"curies":[{"name":"wp","href":"https:\/\/api.w.org\/{rel}","templated":true}]}}