{"id":133524,"date":"2022-08-01T10:18:05","date_gmt":"2022-08-01T13:18:05","guid":{"rendered":"https:\/\/senoticias.com.br\/se\/?p=133524"},"modified":"2022-08-01T10:22:16","modified_gmt":"2022-08-01T13:22:16","slug":"psdb-confirma-candidatura-de-alessandro-vieira-ao-governo-de-sergipe","status":"publish","type":"post","link":"https:\/\/senoticias.com.br\/se\/psdb-confirma-candidatura-de-alessandro-vieira-ao-governo-de-sergipe\/","title":{"rendered":"PSDB confirma candidatura de Alessandro Vieira ao Governo de Sergipe"},"content":{"rendered":"\n<p><\/p>\n\n\n\n<p>A candidatura do senador Alessandro Vieira (PSDB) ao Governo de Sergipe foi oficializada em evento realizado neste final de semana em Aracaju. A conven\u00e7\u00e3o partid\u00e1ria entre o Partido da Social Democracia Brasileira (PSDB), Partido CIDADANIA e Partido PODEMOS (PODE) aconteceu neste s\u00e1bado, 30.<\/p>\n\n\n\n<figure class=\"wp-block-image size-large\"><img loading=\"lazy\" decoding=\"async\" width=\"508\" height=\"320\" src=\"https:\/\/senoticias.com.br\/se\/wp-content\/uploads\/2022\/08\/Alessandro-Vieira-SE-Noticias.jpg\" alt=\"\" class=\"wp-image-133525\" srcset=\"https:\/\/senoticias.com.br\/se\/wp-content\/uploads\/2022\/08\/Alessandro-Vieira-SE-Noticias.jpg 508w, https:\/\/senoticias.com.br\/se\/wp-content\/uploads\/2022\/08\/Alessandro-Vieira-SE-Noticias-300x189.jpg 300w, https:\/\/senoticias.com.br\/se\/wp-content\/uploads\/2022\/08\/Alessandro-Vieira-SE-Noticias-120x76.jpg 120w, https:\/\/senoticias.com.br\/se\/wp-content\/uploads\/2022\/08\/Alessandro-Vieira-SE-Noticias-265x168.jpg 265w, https:\/\/senoticias.com.br\/se\/wp-content\/uploads\/2022\/08\/Alessandro-Vieira-SE-Noticias-284x180.jpg 284w, https:\/\/senoticias.com.br\/se\/wp-content\/uploads\/2022\/08\/Alessandro-Vieira-SE-Noticias-274x173.jpg 274w, https:\/\/senoticias.com.br\/se\/wp-content\/uploads\/2022\/08\/Alessandro-Vieira-SE-Noticias-220x140.jpg 220w\" sizes=\"(max-width: 508px) 100vw, 508px\" \/><figcaption>Os tr\u00eas partidos formalizam o bloco de oposi\u00e7\u00e3o \u00e0s candidaturas propostas pelos grupos de situa\u00e7\u00e3o no estado &#8211; Foto: ascom\/divulga\u00e7\u00e3o<\/figcaption><\/figure>\n\n\n\n<p>Al\u00e9m de Alessandro Vieira, o evento marcou a oficializa\u00e7\u00e3o de Milton Andrade (Cidadania) para vice-governador, e a candidatura de Delegada Danielle Garcia (PODE) ao Senado Federal. Houve tamb\u00e9m a oficializa\u00e7\u00e3o das chapas proporcionais (deputados estaduais e federais), al\u00e9m de confirmar a coliga\u00e7\u00e3o PSDB-CIDADANIA-PODEMOS para as elei\u00e7\u00f5es sergipanas deste ano. Os tr\u00eas partidos formalizam o bloco de oposi\u00e7\u00e3o \u00e0s candidaturas propostas pelos grupos de situa\u00e7\u00e3o no estado.<\/p>\n\n\n\n<p>\u201cQuando a gente se junta, conseguimos construir projetos que realmente mudam a vida das pessoas. Foi a esperan\u00e7a dos sergipanos que me concedeu quase meio milh\u00e3o de votos, e permitiu que nosso estado pudesse l\u00e1 em Bras\u00edlia se colocar de igual para igual com os demais estados, assumindo espa\u00e7os importantes e cuidando do povo sergipano. Provamos a cada etapa que \u00e9 poss\u00edvel fazer pol\u00edtica de forma diferente do que vemos por a\u00ed\u201d, destacou Alessandro Vieira.<\/p>\n\n\n\n<p>Para Danielle Garcia o grupo formado por PSDB-CIDADANIA-PODEMOS \u00e9 a melhor op\u00e7\u00e3o para mudar a vida dos sergipanos. \u201d Lan\u00e7amos nossa candidatura e nossa chapa com a certeza de que \u00e9 poss\u00edvel melhorar a vida dos sergipanos. Isso ser\u00e1 poss\u00edvel com esse grupo formado pelo Cidadania, PSDB e Podemos. Fica aqui registrado nosso compromisso em trabalhar firme para tirar Sergipe da mis\u00e9ria, da in\u00e9rcia, do desemprego, corrigir o rumo do nosso Estado e cuidar de todos os sergipanos e sergipanas\u201d salienta a candidata ao Senado.<\/p>\n\n\n\n<p><strong><em>Acompanhe tamb\u00e9m o SE Not\u00edcias no\u00a0<a rel=\"noreferrer noopener\" href=\"https:\/\/twitter.com\/Senoticias\" target=\"_blank\">Twitter<\/a>,\u00a0<a rel=\"noreferrer noopener\" href=\"https:\/\/www.facebook.com\/senoticias1\" target=\"_blank\">Facebook<\/a>\u00a0e no\u00a0<a rel=\"noreferrer noopener\" href=\"https:\/\/www.instagram.com\/senoticias\/\" target=\"_blank\">Instagram<\/a><\/em><\/strong><\/p>\n\n\n\n<p>por Jo\u00e3o Paulo Schneider do portal<strong><a href=\"https:\/\/infonet.com.br\/noticias\/politica\/psdb-confirma-candidatura-de-alessandro-vieira-ao-governo-de-sergipe\/\"> Infone<\/a><\/strong>t, com informa\u00e7\u00f5es da Assessoria de Comunica\u00e7\u00e3o<\/p>\n","protected":false},"excerpt":{"rendered":"<p>A candidatura do senador Alessandro Vieira (PSDB) ao Governo de Sergipe foi oficializada em evento realizado neste final de semana em Aracaju. A conven\u00e7\u00e3o partid\u00e1ria entre o Partido da Social Democracia Brasileira (PSDB), Partido CIDADANIA e Partido PODEMOS (PODE) aconteceu neste s\u00e1bado, 30. Al\u00e9m de Alessandro Vieira, o evento marcou a oficializa\u00e7\u00e3o de Milton Andrade [&hellip;]<\/p>\n","protected":false},"author":6557,"featured_media":0,"comment_status":"closed","ping_status":"closed","sticky":false,"template":"","format":"standard","meta":{"footnotes":""},"categories":[15,6,1],"tags":[2946,12125,448,222],"class_list":{"0":"post-133524","1":"post","2":"type-post","3":"status-publish","4":"format-standard","6":"category-destaques","7":"category-politica","8":"category-sem-categoria","9":"tag-alessandro-vieira","10":"tag-eleicoes-2022","11":"tag-governo-de-sergipe","12":"tag-psdb"},"_links":{"self":[{"href":"https:\/\/senoticias.com.br\/se\/wp-json\/wp\/v2\/posts\/133524"}],"collection":[{"href":"https:\/\/senoticias.com.br\/se\/wp-json\/wp\/v2\/posts"}],"about":[{"href":"https:\/\/senoticias.com.br\/se\/wp-json\/wp\/v2\/types\/post"}],"author":[{"embeddable":true,"href":"https:\/\/senoticias.com.br\/se\/wp-json\/wp\/v2\/users\/6557"}],"replies":[{"embeddable":true,"href":"https:\/\/senoticias.com.br\/se\/wp-json\/wp\/v2\/comments?post=133524"}],"version-history":[{"count":0,"href":"https:\/\/senoticias.com.br\/se\/wp-json\/wp\/v2\/posts\/133524\/revisions"}],"wp:attachment":[{"href":"https:\/\/senoticias.com.br\/se\/wp-json\/wp\/v2\/media?parent=133524"}],"wp:term":[{"taxonomy":"category","embeddable":true,"href":"https:\/\/senoticias.com.br\/se\/wp-json\/wp\/v2\/categories?post=133524"},{"taxonomy":"post_tag","embeddable":true,"href":"https:\/\/senoticias.com.br\/se\/wp-json\/wp\/v2\/tags?post=133524"}],"curies":[{"name":"wp","href":"https:\/\/api.w.org\/{rel}","templated":true}]}}