{"id":133523,"date":"2022-08-01T16:43:48","date_gmt":"2022-08-01T19:43:48","guid":{"rendered":"https:\/\/senoticias.com.br\/se\/?p=133523"},"modified":"2022-08-01T16:43:57","modified_gmt":"2022-08-01T19:43:57","slug":"mae-e-filho-morrem-apos-colisao-com-motorista-embriagado-em-sao-francisco","status":"publish","type":"post","link":"https:\/\/senoticias.com.br\/se\/mae-e-filho-morrem-apos-colisao-com-motorista-embriagado-em-sao-francisco\/","title":{"rendered":"M\u00e3e e filho morrem ap\u00f3s colis\u00e3o com motorista embriagado em S\u00e3o Francisco"},"content":{"rendered":"\n<p>Uma jovem identificada como Thais Mayhara Santos Sales e seu filho, de 9 anos, morreram ap\u00f3s colis\u00e3o envolvendo um motorista embriagado na Rodovia SE-335, no Povoado Nascen\u00e7a, em S\u00e3o Francisco, no \u00faltimo s\u00e1bado (30).<\/p>\n\n\n\n<figure class=\"wp-block-image size-large\"><img loading=\"lazy\" decoding=\"async\" width=\"473\" height=\"476\" src=\"https:\/\/senoticias.com.br\/se\/wp-content\/uploads\/2022\/08\/WhatsApp-Image-2022-08-01-at-12.49.54.jpeg\" alt=\"\" class=\"wp-image-133527\" srcset=\"https:\/\/senoticias.com.br\/se\/wp-content\/uploads\/2022\/08\/WhatsApp-Image-2022-08-01-at-12.49.54.jpeg 473w, https:\/\/senoticias.com.br\/se\/wp-content\/uploads\/2022\/08\/WhatsApp-Image-2022-08-01-at-12.49.54-298x300.jpeg 298w, https:\/\/senoticias.com.br\/se\/wp-content\/uploads\/2022\/08\/WhatsApp-Image-2022-08-01-at-12.49.54-150x150.jpeg 150w\" sizes=\"(max-width: 473px) 100vw, 473px\" \/><figcaption>\n\nSegundo a pol\u00edcia, o condutor foi flagrado com forte odor alco\u00f3lico, vermelhid\u00e3o nos olhos e andar cambaleante &#8211; Foto: arquivo\/fam\u00edlia\n\n<\/figcaption><\/figure>\n\n\n\n<p>Segundo o Batalh\u00e3o de Pol\u00edcia Rodovi\u00e1ria Estadual (BPRv), as v\u00edtimas estavam em uma motocicleta quando foram atingidas pelo carro e despencaram no barranco lateral da pista, sendo arremessados do ve\u00edculo. Ambos n\u00e3o resistiram aos ferimentos e vieram \u00e0 \u00f3bito no local do acidente.<\/p>\n\n\n\n<p>O outro condutor foi flagrado apresentando forte odor alco\u00f3lico, vermelhid\u00e3o nos olhos e andar cambaleante. Ele foi detido por embriaguez ao volante ao testar 0,92 mg\/l e encaminhado \u00e0 Delegacia Plantonista de Propri\u00e1.<\/p>\n\n\n\n<p>O caso ser\u00e1 investigado pela Pol\u00edcia Civil.<\/p>\n\n\n\n<p><strong><em>Acompanhe tamb\u00e9m o SE Not\u00edcias no\u00a0<a rel=\"noreferrer noopener\" href=\"https:\/\/twitter.com\/Senoticias\" target=\"_blank\">Twitter<\/a>,\u00a0<a rel=\"noreferrer noopener\" href=\"https:\/\/www.facebook.com\/senoticias1\" target=\"_blank\">Facebook<\/a>\u00a0e no\u00a0<a rel=\"noreferrer noopener\" href=\"https:\/\/www.instagram.com\/senoticias\/\" target=\"_blank\">Instagram<\/a><\/em><\/strong><\/p>\n","protected":false},"excerpt":{"rendered":"<p>Uma jovem identificada como Thais Mayhara Santos Sales e seu filho, de 9 anos, morreram ap\u00f3s colis\u00e3o envolvendo um motorista embriagado na Rodovia SE-335, no Povoado Nascen\u00e7a, em S\u00e3o Francisco, no \u00faltimo s\u00e1bado (30). Segundo o Batalh\u00e3o de Pol\u00edcia Rodovi\u00e1ria Estadual (BPRv), as v\u00edtimas estavam em uma motocicleta quando foram atingidas pelo carro e despencaram [&hellip;]<\/p>\n","protected":false},"author":6557,"featured_media":0,"comment_status":"closed","ping_status":"closed","sticky":false,"template":"","format":"standard","meta":{"footnotes":""},"categories":[15,7],"tags":[34393,14729,9635],"class_list":{"0":"post-133523","1":"post","2":"type-post","3":"status-publish","4":"format-standard","6":"category-destaques","7":"category-policia","8":"tag-mae-e-filho-morrem","9":"tag-motorista-embriagado","10":"tag-sao-francisco"},"_links":{"self":[{"href":"https:\/\/senoticias.com.br\/se\/wp-json\/wp\/v2\/posts\/133523"}],"collection":[{"href":"https:\/\/senoticias.com.br\/se\/wp-json\/wp\/v2\/posts"}],"about":[{"href":"https:\/\/senoticias.com.br\/se\/wp-json\/wp\/v2\/types\/post"}],"author":[{"embeddable":true,"href":"https:\/\/senoticias.com.br\/se\/wp-json\/wp\/v2\/users\/6557"}],"replies":[{"embeddable":true,"href":"https:\/\/senoticias.com.br\/se\/wp-json\/wp\/v2\/comments?post=133523"}],"version-history":[{"count":0,"href":"https:\/\/senoticias.com.br\/se\/wp-json\/wp\/v2\/posts\/133523\/revisions"}],"wp:attachment":[{"href":"https:\/\/senoticias.com.br\/se\/wp-json\/wp\/v2\/media?parent=133523"}],"wp:term":[{"taxonomy":"category","embeddable":true,"href":"https:\/\/senoticias.com.br\/se\/wp-json\/wp\/v2\/categories?post=133523"},{"taxonomy":"post_tag","embeddable":true,"href":"https:\/\/senoticias.com.br\/se\/wp-json\/wp\/v2\/tags?post=133523"}],"curies":[{"name":"wp","href":"https:\/\/api.w.org\/{rel}","templated":true}]}}