{"id":133521,"date":"2022-07-31T18:46:49","date_gmt":"2022-07-31T21:46:49","guid":{"rendered":"https:\/\/senoticias.com.br\/se\/?p=133521"},"modified":"2022-07-31T18:48:47","modified_gmt":"2022-07-31T21:48:47","slug":"candidatura-de-danielle-garcia-ao-senado-e-oficializada-em-convencao-do-podemos-psdb-e-cidadania","status":"publish","type":"post","link":"https:\/\/senoticias.com.br\/se\/candidatura-de-danielle-garcia-ao-senado-e-oficializada-em-convencao-do-podemos-psdb-e-cidadania\/","title":{"rendered":"Candidatura de Danielle Garcia ao Senado \u00e9 oficializada em Conven\u00e7\u00e3o do Podemos, PSDB e Cidadania"},"content":{"rendered":"\n<p><\/p>\n\n\n\n<p>Em Conven\u00e7\u00e3o realizada no s\u00e1bado (30), o Podemos oficializou a candidatura da delegada Danielle Garcia ao Senado por Sergipe. No evento, realizado no Centro de Conven\u00e7\u00f5es, foi confirmada a coliga\u00e7\u00e3o do partido com o candidato a governador Alessandro Vieira (PSDB), que ter\u00e1 o empres\u00e1rio Milton Andrade (Cidadania) como vice.<\/p>\n\n\n\n<figure class=\"wp-block-image size-large is-resized\"><img loading=\"lazy\" decoding=\"async\" src=\"https:\/\/senoticias.com.br\/se\/wp-content\/uploads\/2022\/07\/Danielle-Garcia-SE-Noticias.jpg\" alt=\"\" class=\"wp-image-133522\" width=\"580\" height=\"386\" srcset=\"https:\/\/senoticias.com.br\/se\/wp-content\/uploads\/2022\/07\/Danielle-Garcia-SE-Noticias.jpg 589w, https:\/\/senoticias.com.br\/se\/wp-content\/uploads\/2022\/07\/Danielle-Garcia-SE-Noticias-300x200.jpg 300w, https:\/\/senoticias.com.br\/se\/wp-content\/uploads\/2022\/07\/Danielle-Garcia-SE-Noticias-90x60.jpg 90w, https:\/\/senoticias.com.br\/se\/wp-content\/uploads\/2022\/07\/Danielle-Garcia-SE-Noticias-180x120.jpg 180w, https:\/\/senoticias.com.br\/se\/wp-content\/uploads\/2022\/07\/Danielle-Garcia-SE-Noticias-95x64.jpg 95w\" sizes=\"(max-width: 580px) 100vw, 580px\" \/><figcaption>Podemos oficializou a candidatura da delegada Danielle Garcia ao Senado por Sergipe &#8211; Foto: Igor Graccho<\/figcaption><\/figure>\n\n\n\n<p>\u201cFico muito feliz por tudo o que constru\u00edmos para chegar aqui hoje e oficializar nossa candidatura ao Senado. Vou atuar n\u00e3o apenas pelas mulheres, mas tamb\u00e9m por todos os cidad\u00e3os. Estou aqui para fazer a diferen\u00e7a, pois quero a boa pol\u00edtica, que mude a vida das pessoas para a melhor. Lutarei firme por meu Sergipe, carregando sempre em meu cora\u00e7\u00e3o o amor incondicional pelos sergipanos\u201d, afirmou a pr\u00e9-candidata.<\/p>\n\n\n\n<p>Danielle Garcia ressaltou a uni\u00e3o do grupo que representa a verdadeira oposi\u00e7\u00e3o em Sergipe. \u201cEu sigo do lado certo, com o mesmo agrupamento que iniciei na pol\u00edtica, na \u00e9poca apenas com o Cidadania e que hoje foi ampliado com a chegada do PSDB e do Podemos, fazendo a oposi\u00e7\u00e3o a este grupo que h\u00e1 anos est\u00e1 no poder. Um projeto s\u00e9rio, comprometido com os sergipanos e que vai promover verdadeiramente a mudan\u00e7a que Sergipe precisa para sair do ostracismo\u201d, enfatizou.<\/p>\n\n\n\n<p>Danielle Garcia ressaltou que com a chegada do per\u00edodo eleitoral vai intensificar ainda mais as a\u00e7\u00f5es para fortalecer sua candidatura. &#8220;Caminhando cada vez mais por Sergipe para dialogar com os cidad\u00e3os pedindo que confiem em nosso projeto e nos escolham para represent\u00e1-los no Senado&#8221;, salientou a delegada.<\/p>\n\n\n\n<p>&#8220;Temos o compromisso de defender as pautas de interesse do nosso estado e do pa\u00eds, cobrando a solu\u00e7\u00e3o para os in\u00fameros problemas. Junto com os sergipanos, podemos fazer mais por Sergipe e pelo Brasil&#8221;, frisou Danielle Garcia.<\/p>\n\n\n\n<p><strong><em>Acompanhe tamb\u00e9m o SE Not\u00edcias no\u00a0<a rel=\"noreferrer noopener\" href=\"https:\/\/twitter.com\/Senoticias\" target=\"_blank\">Twitter<\/a>,\u00a0<a rel=\"noreferrer noopener\" href=\"https:\/\/www.facebook.com\/senoticias1\" target=\"_blank\">Facebook<\/a>\u00a0e no\u00a0<a rel=\"noreferrer noopener\" href=\"https:\/\/www.instagram.com\/senoticias\/\" target=\"_blank\">Instagram<\/a><\/em><\/strong><\/p>\n\n\n\n<p>Fonte: <\/p>\n\n\n\n<p>Ascom Delegada Danielle Garcia \/ Pr\u00e9-candidata ao Senado pelo Podemos<\/p>\n","protected":false},"excerpt":{"rendered":"<p>Em Conven\u00e7\u00e3o realizada no s\u00e1bado (30), o Podemos oficializou a candidatura da delegada Danielle Garcia ao Senado por Sergipe. No evento, realizado no Centro de Conven\u00e7\u00f5es, foi confirmada a coliga\u00e7\u00e3o do partido com o candidato a governador Alessandro Vieira (PSDB), que ter\u00e1 o empres\u00e1rio Milton Andrade (Cidadania) como vice. \u201cFico muito feliz por tudo o [&hellip;]<\/p>\n","protected":false},"author":6557,"featured_media":0,"comment_status":"closed","ping_status":"closed","sticky":false,"template":"","format":"standard","meta":{"footnotes":""},"categories":[15,6],"tags":[12969,13633,12125,6601,222],"class_list":{"0":"post-133521","1":"post","2":"type-post","3":"status-publish","4":"format-standard","6":"category-destaques","7":"category-politica","8":"tag-cidadania","9":"tag-danielle-garcia","10":"tag-eleicoes-2022","11":"tag-podemos","12":"tag-psdb"},"_links":{"self":[{"href":"https:\/\/senoticias.com.br\/se\/wp-json\/wp\/v2\/posts\/133521"}],"collection":[{"href":"https:\/\/senoticias.com.br\/se\/wp-json\/wp\/v2\/posts"}],"about":[{"href":"https:\/\/senoticias.com.br\/se\/wp-json\/wp\/v2\/types\/post"}],"author":[{"embeddable":true,"href":"https:\/\/senoticias.com.br\/se\/wp-json\/wp\/v2\/users\/6557"}],"replies":[{"embeddable":true,"href":"https:\/\/senoticias.com.br\/se\/wp-json\/wp\/v2\/comments?post=133521"}],"version-history":[{"count":0,"href":"https:\/\/senoticias.com.br\/se\/wp-json\/wp\/v2\/posts\/133521\/revisions"}],"wp:attachment":[{"href":"https:\/\/senoticias.com.br\/se\/wp-json\/wp\/v2\/media?parent=133521"}],"wp:term":[{"taxonomy":"category","embeddable":true,"href":"https:\/\/senoticias.com.br\/se\/wp-json\/wp\/v2\/categories?post=133521"},{"taxonomy":"post_tag","embeddable":true,"href":"https:\/\/senoticias.com.br\/se\/wp-json\/wp\/v2\/tags?post=133521"}],"curies":[{"name":"wp","href":"https:\/\/api.w.org\/{rel}","templated":true}]}}