{"id":133500,"date":"2022-07-29T11:32:42","date_gmt":"2022-07-29T14:32:42","guid":{"rendered":"https:\/\/senoticias.com.br\/se\/?p=133500"},"modified":"2022-07-29T11:32:51","modified_gmt":"2022-07-29T14:32:51","slug":"policia-civil-prende-suspeito-de-trafico-de-drogas-que-tinha-mandado-de-prisao-em-aberto-na-grande-aracaju","status":"publish","type":"post","link":"https:\/\/senoticias.com.br\/se\/policia-civil-prende-suspeito-de-trafico-de-drogas-que-tinha-mandado-de-prisao-em-aberto-na-grande-aracaju\/","title":{"rendered":"Pol\u00edcia Civil prende suspeito de tr\u00e1fico de drogas que tinha mandado de pris\u00e3o em aberto na Grande Aracaju"},"content":{"rendered":"\n<p>Equipes do Departamento de Narc\u00f3ticos (Denarc) prenderam em flagrante um homem por tr\u00e1fico de drogas no conjunto Fernando Collor, em Nossa Senhora do Socorro. A a\u00e7\u00e3o policial ocorreu na tarde dessa quinta-feira (28).<\/p>\n\n\n\n<figure class=\"wp-block-image size-large\"><img loading=\"lazy\" decoding=\"async\" width=\"1024\" height=\"576\" src=\"https:\/\/senoticias.com.br\/se\/wp-content\/uploads\/2022\/07\/WhatsApp-Image-2022-07-29-at-08.07.36-1024x576.jpeg\" alt=\"\" class=\"wp-image-133501\"\/><figcaption>\nEle foi encontrado com quase 5kg de drogas na tarde dessa quinta-feira (28) \n<\/figcaption><\/figure>\n\n\n\n<p>De acordo com as informa\u00e7\u00f5es policiais, as equipes tamb\u00e9m constataram que contra ele havia um mandado de pris\u00e3o definitiva em aberto pelos crimes de roubo e furto.<\/p>\n\n\n\n<p>Com o homem preso, foram apreendidos 4,5kg de maconha e 325g de crack. Ele foi encaminhado ao Denarc, onde foram adotadas as demais medidas cab\u00edveis aos respectivos casos.<\/p>\n\n\n\n<p><strong><em>Acompanhe tamb\u00e9m o SE Not\u00edcias no\u00a0<a rel=\"noreferrer noopener\" href=\"https:\/\/twitter.com\/Senoticias\" target=\"_blank\">Twitter<\/a>,\u00a0<a rel=\"noreferrer noopener\" href=\"https:\/\/www.facebook.com\/senoticias1\" target=\"_blank\">Facebook<\/a>\u00a0e no\u00a0<a rel=\"noreferrer noopener\" href=\"https:\/\/www.instagram.com\/senoticias\/\" target=\"_blank\">Instagram<\/a><\/em><\/strong><\/p>\n","protected":false},"excerpt":{"rendered":"<p>Equipes do Departamento de Narc\u00f3ticos (Denarc) prenderam em flagrante um homem por tr\u00e1fico de drogas no conjunto Fernando Collor, em Nossa Senhora do Socorro. A a\u00e7\u00e3o policial ocorreu na tarde dessa quinta-feira (28). De acordo com as informa\u00e7\u00f5es policiais, as equipes tamb\u00e9m constataram que contra ele havia um mandado de pris\u00e3o definitiva em aberto pelos [&hellip;]<\/p>\n","protected":false},"author":6557,"featured_media":0,"comment_status":"closed","ping_status":"closed","sticky":false,"template":"","format":"standard","meta":{"footnotes":""},"categories":[15,7],"tags":[76,78,3175],"class_list":{"0":"post-133500","1":"post","2":"type-post","3":"status-publish","4":"format-standard","6":"category-destaques","7":"category-policia","8":"tag-denarc","9":"tag-policia-civil","10":"tag-trafico-de-drogas"},"_links":{"self":[{"href":"https:\/\/senoticias.com.br\/se\/wp-json\/wp\/v2\/posts\/133500"}],"collection":[{"href":"https:\/\/senoticias.com.br\/se\/wp-json\/wp\/v2\/posts"}],"about":[{"href":"https:\/\/senoticias.com.br\/se\/wp-json\/wp\/v2\/types\/post"}],"author":[{"embeddable":true,"href":"https:\/\/senoticias.com.br\/se\/wp-json\/wp\/v2\/users\/6557"}],"replies":[{"embeddable":true,"href":"https:\/\/senoticias.com.br\/se\/wp-json\/wp\/v2\/comments?post=133500"}],"version-history":[{"count":0,"href":"https:\/\/senoticias.com.br\/se\/wp-json\/wp\/v2\/posts\/133500\/revisions"}],"wp:attachment":[{"href":"https:\/\/senoticias.com.br\/se\/wp-json\/wp\/v2\/media?parent=133500"}],"wp:term":[{"taxonomy":"category","embeddable":true,"href":"https:\/\/senoticias.com.br\/se\/wp-json\/wp\/v2\/categories?post=133500"},{"taxonomy":"post_tag","embeddable":true,"href":"https:\/\/senoticias.com.br\/se\/wp-json\/wp\/v2\/tags?post=133500"}],"curies":[{"name":"wp","href":"https:\/\/api.w.org\/{rel}","templated":true}]}}