{"id":133496,"date":"2022-07-29T11:28:06","date_gmt":"2022-07-29T14:28:06","guid":{"rendered":"https:\/\/senoticias.com.br\/se\/?p=133496"},"modified":"2022-07-29T11:28:17","modified_gmt":"2022-07-29T14:28:17","slug":"policia-civil-prende-investigado-por-furto-de-gado-em-japaratuba","status":"publish","type":"post","link":"https:\/\/senoticias.com.br\/se\/policia-civil-prende-investigado-por-furto-de-gado-em-japaratuba\/","title":{"rendered":"Pol\u00edcia Civil prende investigado por furto de gado em Japaratuba"},"content":{"rendered":"\n<p>Equipes da Delegacia de Repress\u00e3o a Crimes Rurais (Dercra), com o apoio da Delegacia de Japaratuba, prenderam Genivaldo Calazans dos Santos Filho, conhecido como &#8220;Periquito&#8221;. Ele \u00e9 investigado pela pr\u00e1tica de furto de gado na zona rural de Japaratuba. A a\u00e7\u00e3o policial ocorreu nessa quinta-feira (28).<\/p>\n\n\n\n<figure class=\"wp-block-image size-large\"><img loading=\"lazy\" decoding=\"async\" width=\"1024\" height=\"576\" src=\"https:\/\/senoticias.com.br\/se\/wp-content\/uploads\/2022\/07\/WhatsApp-Image-2022-07-29-at-07.59.55-1024x576.jpeg\" alt=\"\" class=\"wp-image-133499\"\/><figcaption>\nPrejuizo supera os R$ 100 mil<\/figcaption><\/figure>\n\n\n\n<p>Segundo as investiga\u00e7\u00f5es, o grupo liderado pelo investigado invadia as fazendas durante a noite e escolhiam o animal, geralmente, vacas, que eram abatidas no local e tinham apenas os melhores peda\u00e7os de carne cortados e levados pelos autores.<\/p>\n\n\n\n<p>No dia seguinte, os propriet\u00e1rios eram surpreendidos apenas com a carca\u00e7a do semovente abandonada no pasto.<\/p>\n\n\n\n<p>Somados, os preju\u00edzos causados aos produtores da regi\u00e3o pela a\u00e7\u00e3o do grupo superam o valor de R$ 100 mil.<\/p>\n\n\n\n<p>As investiga\u00e7\u00f5es continuam para identifica\u00e7\u00e3o e localiza\u00e7\u00e3o dos demais integrantes da associa\u00e7\u00e3o criminosa.A Pol\u00edcia Civil refor\u00e7a que qualquer informa\u00e7\u00e3o pode ser direcionada, de maneira an\u00f4nima e segura, ao n\u00famero 181, por meio do Disque-Den\u00fancia.<\/p>\n\n\n\n<p><strong><em>Acompanhe tamb\u00e9m o SE Not\u00edcias no&nbsp;<a rel=\"noreferrer noopener\" href=\"https:\/\/twitter.com\/Senoticias\" target=\"_blank\">Twitter<\/a>,&nbsp;<a rel=\"noreferrer noopener\" href=\"https:\/\/www.facebook.com\/senoticias1\" target=\"_blank\">Facebook<\/a>&nbsp;e no&nbsp;<a rel=\"noreferrer noopener\" href=\"https:\/\/www.instagram.com\/senoticias\/\" target=\"_blank\">Instagram<\/a><\/em><\/strong><\/p>\n\n\n\n<p>Fonte: SSP\/SE<\/p>\n","protected":false},"excerpt":{"rendered":"<p>Equipes da Delegacia de Repress\u00e3o a Crimes Rurais (Dercra), com o apoio da Delegacia de Japaratuba, prenderam Genivaldo Calazans dos Santos Filho, conhecido como &#8220;Periquito&#8221;. Ele \u00e9 investigado pela pr\u00e1tica de furto de gado na zona rural de Japaratuba. A a\u00e7\u00e3o policial ocorreu nessa quinta-feira (28). Segundo as investiga\u00e7\u00f5es, o grupo liderado pelo investigado invadia [&hellip;]<\/p>\n","protected":false},"author":6557,"featured_media":0,"comment_status":"closed","ping_status":"closed","sticky":false,"template":"","format":"standard","meta":{"footnotes":""},"categories":[15,7],"tags":[37007,108,78],"class_list":{"0":"post-133496","1":"post","2":"type-post","3":"status-publish","4":"format-standard","6":"category-destaques","7":"category-policia","8":"tag-furto-de-gado","9":"tag-japaratuba","10":"tag-policia-civil"},"_links":{"self":[{"href":"https:\/\/senoticias.com.br\/se\/wp-json\/wp\/v2\/posts\/133496"}],"collection":[{"href":"https:\/\/senoticias.com.br\/se\/wp-json\/wp\/v2\/posts"}],"about":[{"href":"https:\/\/senoticias.com.br\/se\/wp-json\/wp\/v2\/types\/post"}],"author":[{"embeddable":true,"href":"https:\/\/senoticias.com.br\/se\/wp-json\/wp\/v2\/users\/6557"}],"replies":[{"embeddable":true,"href":"https:\/\/senoticias.com.br\/se\/wp-json\/wp\/v2\/comments?post=133496"}],"version-history":[{"count":0,"href":"https:\/\/senoticias.com.br\/se\/wp-json\/wp\/v2\/posts\/133496\/revisions"}],"wp:attachment":[{"href":"https:\/\/senoticias.com.br\/se\/wp-json\/wp\/v2\/media?parent=133496"}],"wp:term":[{"taxonomy":"category","embeddable":true,"href":"https:\/\/senoticias.com.br\/se\/wp-json\/wp\/v2\/categories?post=133496"},{"taxonomy":"post_tag","embeddable":true,"href":"https:\/\/senoticias.com.br\/se\/wp-json\/wp\/v2\/tags?post=133496"}],"curies":[{"name":"wp","href":"https:\/\/api.w.org\/{rel}","templated":true}]}}