{"id":133491,"date":"2022-07-28T17:11:16","date_gmt":"2022-07-28T20:11:16","guid":{"rendered":"https:\/\/senoticias.com.br\/se\/?p=133491"},"modified":"2022-07-28T19:26:00","modified_gmt":"2022-07-28T22:26:00","slug":"sergipe-assina-termo-de-compromisso-com-plano-nacional-de-reducao-de-mortes-e-lesoes-no-transito","status":"publish","type":"post","link":"https:\/\/senoticias.com.br\/se\/sergipe-assina-termo-de-compromisso-com-plano-nacional-de-reducao-de-mortes-e-lesoes-no-transito\/","title":{"rendered":"Sergipe assina Termo de Compromisso com Plano Nacional de Redu\u00e7\u00e3o de Mortes e Les\u00f5es no Tr\u00e2nsito"},"content":{"rendered":"\n<p>Em parceria entre a Secretaria Nacional de Tr\u00e2nsito (Senatran), o Conselho Estadual de Tr\u00e2nsito (Cetran\/SE) e o Departamento Estadual de Tr\u00e2nsito (Detran\/SE), foi feita a assinatura do Termo de Compromisso com o Plano Nacional de Redu\u00e7\u00e3o de Mortes e Les\u00f5es no Tr\u00e2nsito (Pnatrans), na manh\u00e3 desta quinta-feira (28). O Pnatrans foi institu\u00eddo pela Lei n\u00ba 13.614\/2018 e passou por uma revis\u00e3o em 2021, estando alinhado com a Nova D\u00e9cada de Seguran\u00e7a no Tr\u00e2nsito da Organiza\u00e7\u00e3o das Na\u00e7\u00f5es Unidas (ONU).<\/p>\n\n\n\n<p>A solenidade ocorreu na sede do Detran\/SE e contou com a presen\u00e7a do secret\u00e1rio nacional de tr\u00e2nsito, Frederico Carneiro, que destacou que o plano tem como objetivo a a\u00e7\u00e3o integrada para redu\u00e7\u00e3o de les\u00f5es e de mortes no tr\u00e2nsito. \u201cFirmar o compromisso com os \u00f3rg\u00e3os, n\u00e3o s\u00f3 do estado, mas tamb\u00e9m dos munic\u00edpios e da uni\u00e3o que atuam em Sergipe, para que juntos possam empreender esfor\u00e7os e implementar essas a\u00e7\u00f5es\u201d, ressaltou.<\/p>\n\n\n\n<figure class=\"wp-block-image size-large\"><img loading=\"lazy\" decoding=\"async\" width=\"504\" height=\"379\" src=\"https:\/\/senoticias.com.br\/se\/wp-content\/uploads\/2013\/07\/foto-acid.jpg\" alt=\"\" class=\"wp-image-50215\" srcset=\"https:\/\/senoticias.com.br\/se\/wp-content\/uploads\/2013\/07\/foto-acid.jpg 504w, https:\/\/senoticias.com.br\/se\/wp-content\/uploads\/2013\/07\/foto-acid-300x225.jpg 300w, https:\/\/senoticias.com.br\/se\/wp-content\/uploads\/2013\/07\/foto-acid-342x257.jpg 342w, https:\/\/senoticias.com.br\/se\/wp-content\/uploads\/2013\/07\/foto-acid-60x45.jpg 60w, https:\/\/senoticias.com.br\/se\/wp-content\/uploads\/2013\/07\/foto-acid-150x113.jpg 150w, https:\/\/senoticias.com.br\/se\/wp-content\/uploads\/2013\/07\/foto-acid-269x201.jpg 269w\" sizes=\"(max-width: 504px) 100vw, 504px\" \/><figcaption>Objetivo do plano \u00e9 reduzir as mortes no tr\u00e2nsito &#8211; Foto: arquivo\/CPTran<\/figcaption><\/figure>\n\n\n\n<p>Frederico Carneiro mencionou que s\u00e3o v\u00e1rios os fatores para a incid\u00eancia de mortes e les\u00f5es no tr\u00e2nsito. \u201cA gente tem um gama muito grande de fatores, mas atribuo a maioria deles ao comportamento do condutor. Mas, o princ\u00edpio do Pnatrans, prev\u00ea que temos que ter uma abordagem integral, n\u00e3o s\u00f3 a quest\u00e3o do condutor, mas tamb\u00e9m das vias, dos ve\u00edculos, da legisla\u00e7\u00e3o, da educa\u00e7\u00e3o para o tr\u00e2nsito e atendimento \u00e0s v\u00edtimas\u201d, acrescentou.<\/p>\n\n\n\n<p>Ainda conforme o secret\u00e1rio nacional de tr\u00e2nsito, o Pnatrans tamb\u00e9m prev\u00ea o engajamento entre uni\u00e3o, estados e munic\u00edpios de maneira coordenada. \u201cA proposta \u00e9 que se crie um grupo de trabalho no estado para que cada um observe quais s\u00e3o suas a\u00e7\u00f5es e suas responsabilidades para planejar cada uma delas. O grupo de trabalho institu\u00eddo tem um cronograma de atividades, h\u00e1 todo um planejamento a ser cumprido\u201d, complementou.<\/p>\n\n\n\n<p>A diretora-presidente do Detran\/SE, Naleide de Andrade, ressaltou a necessidade de somar esfor\u00e7os para que haja a redu\u00e7\u00e3o das mortes e das les\u00f5es no tr\u00e2nsito. \u201cN\u00f3s precisamos somar for\u00e7as porque, aqui em Sergipe, infelizmente o nosso n\u00famero de acidentes no tr\u00e2nsito ainda \u00e9 alto. \u00c9 fundamental para todos n\u00f3s que fazemos o tr\u00e2nsito, pois precisamos unir for\u00e7as para fazer o tr\u00e2nsito mais seguro e mais respons\u00e1vel\u201d, reiterou.<\/p>\n\n\n\n<p>Naleide de Andrade tamb\u00e9m destacou que o Termo de Compromisso \u00e9 fundamental para as a\u00e7\u00f5es de melhoria da seguran\u00e7a no tr\u00e2nsito em Sergipe. \u201cEsse momento \u00e9 fundamental e muito importante, pois a Secretaria Nacional de Tr\u00e2nsito est\u00e1 vindo aos estados, para conversar com os munic\u00edpios. \u00c9 important\u00edssimo. S\u00f3 conseguimos desenvolver esse trabalho tendo parcerias\u201d, evidenciou.<\/p>\n\n\n\n<p>O superintendente da Superintend\u00eancia Municipal de Transportes e Tr\u00e2nsito de Aracaju (SMTT\/Aju), Renato Teles, ressaltou a import\u00e2ncia da uni\u00e3o de esfor\u00e7os para a redu\u00e7\u00e3o de acidentes no tr\u00e2nsito. \u201cRefor\u00e7a a necessidade de uma pauta constante, di\u00e1ria, das a\u00e7\u00f5es que minimizem acidentes e mortes nas nossas ruas, no nosso tr\u00e2nsito. \u00c9 uma preocupa\u00e7\u00e3o recorrente, haja vista as a\u00e7\u00f5es cotidianas da educa\u00e7\u00e3o para o tr\u00e2nsito, o empenho na quest\u00e3o do respeito \u00e0 sinaliza\u00e7\u00e3o. S\u00e3o a\u00e7\u00f5es que se somam\u201d, salientou.<\/p>\n\n\n\n<p><strong>Compromisso do Pnatrans<\/strong><\/p>\n\n\n\n<p>Conforme o Pnatrans, o objetivo \u00e9 implementar mais de 150 a\u00e7\u00f5es para que seja posto em pr\u00e1tica o potencial de salvar cerca de 86 mil vidas at\u00e9 o ano de 2028. Assim como foi definido em Resolu\u00e7\u00e3o do Conselho Nacional de Tr\u00e2nsito (Contran), as metas, os planos e as a\u00e7\u00f5es visam \u00e0 redu\u00e7\u00e3o de no m\u00ednimo 50% das taxas de mortes por grupo de habitantes e por grupo de ve\u00edculos, no per\u00edodo de dez anos, de 2018 a 2028.<\/p>\n\n\n\n<p><strong><em>Acompanhe tamb\u00e9m o SE Not\u00edcias no\u00a0<a rel=\"noreferrer noopener\" href=\"https:\/\/twitter.com\/Senoticias\" target=\"_blank\">Twitter<\/a>,\u00a0<a rel=\"noreferrer noopener\" href=\"https:\/\/www.facebook.com\/senoticias1\" target=\"_blank\">Facebook<\/a>\u00a0e no\u00a0<a rel=\"noreferrer noopener\" href=\"https:\/\/www.instagram.com\/senoticias\/\" target=\"_blank\">Instagram<\/a><\/em><\/strong><\/p>\n\n\n\n<p>Fonte: SSP\/SE<\/p>\n","protected":false},"excerpt":{"rendered":"<p>Em parceria entre a Secretaria Nacional de Tr\u00e2nsito (Senatran), o Conselho Estadual de Tr\u00e2nsito (Cetran\/SE) e o Departamento Estadual de Tr\u00e2nsito (Detran\/SE), foi feita a assinatura do Termo de Compromisso com o Plano Nacional de Redu\u00e7\u00e3o de Mortes e Les\u00f5es no Tr\u00e2nsito (Pnatrans), na manh\u00e3 desta quinta-feira (28). O Pnatrans foi institu\u00eddo pela Lei n\u00ba [&hellip;]<\/p>\n","protected":false},"author":6557,"featured_media":0,"comment_status":"closed","ping_status":"closed","sticky":false,"template":"","format":"standard","meta":{"footnotes":""},"categories":[15,7],"tags":[37003,1828,36658,16279],"class_list":{"0":"post-133491","1":"post","2":"type-post","3":"status-publish","4":"format-standard","6":"category-destaques","7":"category-policia","8":"tag-cetran","9":"tag-detran","10":"tag-senatran","11":"tag-transito-2"},"_links":{"self":[{"href":"https:\/\/senoticias.com.br\/se\/wp-json\/wp\/v2\/posts\/133491"}],"collection":[{"href":"https:\/\/senoticias.com.br\/se\/wp-json\/wp\/v2\/posts"}],"about":[{"href":"https:\/\/senoticias.com.br\/se\/wp-json\/wp\/v2\/types\/post"}],"author":[{"embeddable":true,"href":"https:\/\/senoticias.com.br\/se\/wp-json\/wp\/v2\/users\/6557"}],"replies":[{"embeddable":true,"href":"https:\/\/senoticias.com.br\/se\/wp-json\/wp\/v2\/comments?post=133491"}],"version-history":[{"count":0,"href":"https:\/\/senoticias.com.br\/se\/wp-json\/wp\/v2\/posts\/133491\/revisions"}],"wp:attachment":[{"href":"https:\/\/senoticias.com.br\/se\/wp-json\/wp\/v2\/media?parent=133491"}],"wp:term":[{"taxonomy":"category","embeddable":true,"href":"https:\/\/senoticias.com.br\/se\/wp-json\/wp\/v2\/categories?post=133491"},{"taxonomy":"post_tag","embeddable":true,"href":"https:\/\/senoticias.com.br\/se\/wp-json\/wp\/v2\/tags?post=133491"}],"curies":[{"name":"wp","href":"https:\/\/api.w.org\/{rel}","templated":true}]}}