{"id":133489,"date":"2022-07-28T16:04:08","date_gmt":"2022-07-28T19:04:08","guid":{"rendered":"https:\/\/senoticias.com.br\/se\/?p=133489"},"modified":"2022-07-28T20:44:10","modified_gmt":"2022-07-28T23:44:10","slug":"prouni-inscricoes-para-bolsas-de-estudo-em-universidades-privadas-iniciam-na-proxima-segunda-feira","status":"publish","type":"post","link":"https:\/\/senoticias.com.br\/se\/prouni-inscricoes-para-bolsas-de-estudo-em-universidades-privadas-iniciam-na-proxima-segunda-feira\/","title":{"rendered":"ProUni: inscri\u00e7\u00f5es para bolsas de estudo em universidades privadas iniciam na pr\u00f3xima segunda-feira"},"content":{"rendered":"\n<p>O per\u00edodo de inscri\u00e7\u00e3o do segundo semestre do Programa Universidade para Todos (ProUni) inicia na pr\u00f3xima segunda-feira (1\u00ba) e segue at\u00e9 4 de agosto.<\/p>\n\n\n\n<figure class=\"wp-block-image size-large\"><img loading=\"lazy\" decoding=\"async\" width=\"1024\" height=\"462\" src=\"https:\/\/senoticias.com.br\/se\/wp-content\/uploads\/2022\/07\/enem-senoticias-1024x462.jpg\" alt=\"\" class=\"wp-image-133490\"\/><figcaption> Programa oferta bolsas de acordo com a modalidade de concorr\u00eancia ou renda &#8211; Foto: Marcelo Casal Jr.\/Ag\u00eancia Brasil <\/figcaption><\/figure>\n\n\n\n<p>O processo contempla estudantes interessados em bolsas de estudo parciais ou integrais em diversas universidades privadas, desde que tenham feito o Exame Nacional do Ensino M\u00e9dio (Enem) e atingido, no m\u00ednimo, a m\u00e9dia de 450 pontos em cada mat\u00e9ria do exame. Al\u00e9m disso, o estudante n\u00e3o pode ter zerado a prova de reda\u00e7\u00e3o e nem ter participado como treineiro.<\/p>\n\n\n\n<p>O resultado com a lista dos candidatos pr\u00e9-selecionados ser\u00e1 disponibilizado no site do ProUni. A primeira chamada ocorre no dia 8 de agosto e a segunda chamada em 22 de agosto.<\/p>\n\n\n\n<p><strong>Modalidade de concorr\u00eancia<\/strong><\/p>\n\n\n\n<p>Uma das novidades da edi\u00e7\u00e3o \u00e9 que a inscri\u00e7\u00e3o deve ser feita por tipo de modalidade de concorr\u00eancia, que s\u00e3o: ampla concorr\u00eancia e a\u00e7\u00f5es afirmativas. Com isso, h\u00e1 tamb\u00e9m uma ordem de prioridade para classifica\u00e7\u00e3o dos candidatos inscritos conforme cada modalidade escolhida.<\/p>\n\n\n\n<p>Outra mudan\u00e7a est\u00e1 relacionada com a amplia\u00e7\u00e3o dos crit\u00e9rios de origem escolar do estudante que deseja disputar as bolsas do Prouni. A classifica\u00e7\u00e3o ir\u00e1 observar a modalidade de concorr\u00eancia escolhida pelo estudante em sua inscri\u00e7\u00e3o por curso, turno, local de oferta, institui\u00e7\u00e3o, e dentro de cada modalidade deve ser obedecida a ordem decrescente das notas do Enem.<\/p>\n\n\n\n<p>professor da rede p\u00fablica de ensino, exclusivamente para os cursos de licenciatura e pedagogia destinados \u00e0 forma\u00e7\u00e3o do magist\u00e9rio da educa\u00e7\u00e3o b\u00e1sica, se for o caso e se houver inscritos nessa situa\u00e7\u00e3o;<br>estudante que tenha cursado o ensino m\u00e9dio integralmente em escola da rede p\u00fablica;<br>estudante que tenha cursado o ensino m\u00e9dio parcialmente em escola da rede p\u00fablica e parcialmente em institui\u00e7\u00e3o privada, na condi\u00e7\u00e3o de bolsista integral da respectiva institui\u00e7\u00e3o;<br>estudante que tenha cursado o ensino m\u00e9dio parcialmente em escola da rede p\u00fablica e parcialmente em institui\u00e7\u00e3o privada, na condi\u00e7\u00e3o de bolsista parcial da respectiva institui\u00e7\u00e3o ou sem a condi\u00e7\u00e3o de bolsista;<br>estudante que tenha cursado o ensino m\u00e9dio integralmente em institui\u00e7\u00e3o privada, na condi\u00e7\u00e3o de bolsista integral da respectiva institui\u00e7\u00e3o;<br>estudante que tenha cursado o ensino m\u00e9dio completo em institui\u00e7\u00e3o privada, na condi\u00e7\u00e3o de bolsista parcial da respectiva institui\u00e7\u00e3o ou sem a condi\u00e7\u00e3o de bolsista.<br>Renda<\/p>\n\n\n\n<p>Para participar do processo, o candidato precisa preencher alguns crit\u00e9rios como as exig\u00eancias de faixas de renda per capita: at\u00e9 1,5 sal\u00e1rio m\u00ednimo, para bolsa integral; e at\u00e9 3 sal\u00e1rios m\u00ednimos, para bolsa parcial que representa 50% do valor da mensalidade do curso.<\/p>\n\n\n\n<p>Segundo o Minist\u00e9rio da Educa\u00e7\u00e3o, a classifica\u00e7\u00e3o dos estudantes inscritos nos processos seletivos do ProUni considera as notas obtidas nas duas \u00faltimas edi\u00e7\u00f5es do Enem, imediatamente anteriores ao processo seletivo do ProUni para ingresso em curso de gradua\u00e7\u00e3o ou sequencial de forma\u00e7\u00e3o espec\u00edfica.<\/p>\n\n\n\n<p>A lista de crit\u00e9rios para a inscri\u00e7\u00e3o exige ainda que o candidato \u00e0 bolsa seja brasileiro, n\u00e3o portador de diploma de curso superior que tenha participado do Enem em qualquer das duas \u00faltimas edi\u00e7\u00f5es e que atenda a pelo menos uma das condi\u00e7\u00f5es a seguir:<\/p>\n\n\n\n<p><strong>I- estudante que tenha cursado:<\/strong><\/p>\n\n\n\n<p>ensino m\u00e9dio integralmente em escola da rede p\u00fablica;<br>ensino m\u00e9dio integralmente em institui\u00e7\u00e3o privada, na condi\u00e7\u00e3o de bolsista integral da respectiva institui\u00e7\u00e3o;<br>ensino m\u00e9dio parcialmente em escola da rede p\u00fablica e parcialmente em institui\u00e7\u00e3o privada, na condi\u00e7\u00e3o de bolsista integral da respectiva institui\u00e7\u00e3o;<br>ensino m\u00e9dio parcialmente em escola da rede p\u00fablica e parcialmente em institui\u00e7\u00e3o privada, na condi\u00e7\u00e3o de bolsista parcial da respectiva institui\u00e7\u00e3o ou sem a condi\u00e7\u00e3o de bolsista; e<br>ensino m\u00e9dio integralmente em institui\u00e7\u00e3o privada, na condi\u00e7\u00e3o de bolsista parcial da respectiva institui\u00e7\u00e3o ou sem a condi\u00e7\u00e3o de bolsista;<br><strong>II &#8211; estudante pessoa com defici\u00eancia, na forma prevista na legisla\u00e7\u00e3o; e<\/strong><\/p>\n\n\n\n<p><strong>III <\/strong>&#8211; professor da rede p\u00fablica de ensino, exclusivamente para os cursos de licenciatura e pedagogia, destinados \u00e0 forma\u00e7\u00e3o do magist\u00e9rio da educa\u00e7\u00e3o b\u00e1sica, independentemente da renda a que se referem os \u00a7\u00a7 1\u00ba e 2\u00ba do art. 1\u00ba da Lei n\u00ba 11.096, de 13 de janeiro de 2005.<\/p>\n\n\n\n<p><strong><em>Acompanhe tamb\u00e9m o SE Not\u00edcias no&nbsp;<a rel=\"noreferrer noopener\" href=\"https:\/\/twitter.com\/Senoticias\" target=\"_blank\">Twitter<\/a>,&nbsp;<a rel=\"noreferrer noopener\" href=\"https:\/\/www.facebook.com\/senoticias1\" target=\"_blank\">Facebook<\/a>&nbsp;e no&nbsp;<a rel=\"noreferrer noopener\" href=\"https:\/\/www.instagram.com\/senoticias\/\" target=\"_blank\">Instagram<\/a><\/em><\/strong><\/p>\n\n\n\n<p>Fonte: Ag\u00eancia Brasil<\/p>\n","protected":false},"excerpt":{"rendered":"<p>O per\u00edodo de inscri\u00e7\u00e3o do segundo semestre do Programa Universidade para Todos (ProUni) inicia na pr\u00f3xima segunda-feira (1\u00ba) e segue at\u00e9 4 de agosto. O processo contempla estudantes interessados em bolsas de estudo parciais ou integrais em diversas universidades privadas, desde que tenham feito o Exame Nacional do Ensino M\u00e9dio (Enem) e atingido, no m\u00ednimo, [&hellip;]<\/p>\n","protected":false},"author":6557,"featured_media":0,"comment_status":"closed","ping_status":"closed","sticky":false,"template":"","format":"standard","meta":{"footnotes":""},"categories":[15,2961],"tags":[11492,843],"class_list":{"0":"post-133489","1":"post","2":"type-post","3":"status-publish","4":"format-standard","6":"category-destaques","7":"category-nacional","8":"tag-inscricoes-prouni","9":"tag-prouni"},"_links":{"self":[{"href":"https:\/\/senoticias.com.br\/se\/wp-json\/wp\/v2\/posts\/133489"}],"collection":[{"href":"https:\/\/senoticias.com.br\/se\/wp-json\/wp\/v2\/posts"}],"about":[{"href":"https:\/\/senoticias.com.br\/se\/wp-json\/wp\/v2\/types\/post"}],"author":[{"embeddable":true,"href":"https:\/\/senoticias.com.br\/se\/wp-json\/wp\/v2\/users\/6557"}],"replies":[{"embeddable":true,"href":"https:\/\/senoticias.com.br\/se\/wp-json\/wp\/v2\/comments?post=133489"}],"version-history":[{"count":0,"href":"https:\/\/senoticias.com.br\/se\/wp-json\/wp\/v2\/posts\/133489\/revisions"}],"wp:attachment":[{"href":"https:\/\/senoticias.com.br\/se\/wp-json\/wp\/v2\/media?parent=133489"}],"wp:term":[{"taxonomy":"category","embeddable":true,"href":"https:\/\/senoticias.com.br\/se\/wp-json\/wp\/v2\/categories?post=133489"},{"taxonomy":"post_tag","embeddable":true,"href":"https:\/\/senoticias.com.br\/se\/wp-json\/wp\/v2\/tags?post=133489"}],"curies":[{"name":"wp","href":"https:\/\/api.w.org\/{rel}","templated":true}]}}