{"id":133483,"date":"2022-07-28T06:46:00","date_gmt":"2022-07-28T09:46:00","guid":{"rendered":"https:\/\/senoticias.com.br\/se\/?p=133483"},"modified":"2022-07-28T06:46:07","modified_gmt":"2022-07-28T09:46:07","slug":"policia-civil-prende-homem-por-trafico-de-drogas-sinteticas-em-aracaju","status":"publish","type":"post","link":"https:\/\/senoticias.com.br\/se\/policia-civil-prende-homem-por-trafico-de-drogas-sinteticas-em-aracaju\/","title":{"rendered":"Pol\u00edcia Civil prende homem por tr\u00e1fico de drogas sint\u00e9ticas em Aracaju"},"content":{"rendered":"\n<p>Equipes do Departamento de Narc\u00f3ticos (Denarc), da Pol\u00edcia Civil de Sergipe prenderam em flagrante um homem de 22 anos suspeito da pr\u00e1tica de tr\u00e1fico de drogas sint\u00e9ticas. A a\u00e7\u00e3o policial, que teve o apoio da Guarda Municipal de Aracaju, ocorreu na noite dessa quarta-feira (27).<\/p>\n\n\n\n<figure class=\"wp-block-image size-large\"><img loading=\"lazy\" decoding=\"async\" width=\"584\" height=\"497\" src=\"https:\/\/senoticias.com.br\/se\/wp-content\/uploads\/2022\/07\/Drogas-SE-Noticias.jpg\" alt=\"\" class=\"wp-image-133484\" srcset=\"https:\/\/senoticias.com.br\/se\/wp-content\/uploads\/2022\/07\/Drogas-SE-Noticias.jpg 584w, https:\/\/senoticias.com.br\/se\/wp-content\/uploads\/2022\/07\/Drogas-SE-Noticias-300x255.jpg 300w\" sizes=\"(max-width: 584px) 100vw, 584px\" \/><figcaption>Segundo os policiais do Denarc, os comprimidos de entorpecentes foram apreendidos com o preso no bairro Ponto Novo &#8211; Foto: SSP\/SE<\/figcaption><\/figure>\n\n\n\n<p>De acordo com as informa\u00e7\u00f5es policiais, ap\u00f3s o recebimento de den\u00fancias an\u00f4nimas, foram feitas dilig\u00eancias nas imedia\u00e7\u00f5es da avenida Augusto Franco, tamb\u00e9m conhecida como Rio de Janeiro, no bairro Ponto Novo, em Aracaju.<\/p>\n\n\n\n<p>Com o homem preso na localidade, foram apreendidos 267 comprimidos de ecstasy, uma quantidade de <strong>LSD<\/strong> e uma por\u00e7\u00e3o da droga <strong>MDMA ou MD<\/strong> &#8211; tamb\u00e9m conhecida como &#8220;<strong>Michael Douglas<\/strong>&#8220;.<\/p>\n\n\n\n<p>Al\u00e9m do material entorpecente, tamb\u00e9m foram apreendidos um aparelho celular e dinheiro. O homem preso foi autuado em flagrante por tr\u00e1fico de drogas. Ele e o material apreendido foram encaminhados ao Denarc.<\/p>\n\n\n\n<p><strong><em>Acompanhe tamb\u00e9m o SE Not\u00edcias no\u00a0<a rel=\"noreferrer noopener\" href=\"https:\/\/twitter.com\/Senoticias\" target=\"_blank\">Twitter<\/a>,\u00a0<a rel=\"noreferrer noopener\" href=\"https:\/\/www.facebook.com\/senoticias1\" target=\"_blank\">Facebook<\/a>\u00a0e no\u00a0<a rel=\"noreferrer noopener\" href=\"https:\/\/www.instagram.com\/senoticias\/\" target=\"_blank\">Instagram<\/a><\/em><\/strong><\/p>\n\n\n\n<p>Fonte: SSP\/SE<\/p>\n","protected":false},"excerpt":{"rendered":"<p>Equipes do Departamento de Narc\u00f3ticos (Denarc), da Pol\u00edcia Civil de Sergipe prenderam em flagrante um homem de 22 anos suspeito da pr\u00e1tica de tr\u00e1fico de drogas sint\u00e9ticas. A a\u00e7\u00e3o policial, que teve o apoio da Guarda Municipal de Aracaju, ocorreu na noite dessa quarta-feira (27). De acordo com as informa\u00e7\u00f5es policiais, ap\u00f3s o recebimento de [&hellip;]<\/p>\n","protected":false},"author":6557,"featured_media":0,"comment_status":"closed","ping_status":"closed","sticky":false,"template":"","format":"standard","meta":{"footnotes":""},"categories":[15,7],"tags":[76,15777,4843,37001],"class_list":{"0":"post-133483","1":"post","2":"type-post","3":"status-publish","4":"format-standard","6":"category-destaques","7":"category-policia","8":"tag-denarc","9":"tag-drogas-sinteticas","10":"tag-policia-civil-de-sergipe","11":"tag-trafico-de-drogas-sinteticas"},"_links":{"self":[{"href":"https:\/\/senoticias.com.br\/se\/wp-json\/wp\/v2\/posts\/133483"}],"collection":[{"href":"https:\/\/senoticias.com.br\/se\/wp-json\/wp\/v2\/posts"}],"about":[{"href":"https:\/\/senoticias.com.br\/se\/wp-json\/wp\/v2\/types\/post"}],"author":[{"embeddable":true,"href":"https:\/\/senoticias.com.br\/se\/wp-json\/wp\/v2\/users\/6557"}],"replies":[{"embeddable":true,"href":"https:\/\/senoticias.com.br\/se\/wp-json\/wp\/v2\/comments?post=133483"}],"version-history":[{"count":0,"href":"https:\/\/senoticias.com.br\/se\/wp-json\/wp\/v2\/posts\/133483\/revisions"}],"wp:attachment":[{"href":"https:\/\/senoticias.com.br\/se\/wp-json\/wp\/v2\/media?parent=133483"}],"wp:term":[{"taxonomy":"category","embeddable":true,"href":"https:\/\/senoticias.com.br\/se\/wp-json\/wp\/v2\/categories?post=133483"},{"taxonomy":"post_tag","embeddable":true,"href":"https:\/\/senoticias.com.br\/se\/wp-json\/wp\/v2\/tags?post=133483"}],"curies":[{"name":"wp","href":"https:\/\/api.w.org\/{rel}","templated":true}]}}