{"id":133416,"date":"2022-07-22T09:08:59","date_gmt":"2022-07-22T12:08:59","guid":{"rendered":"https:\/\/senoticias.com.br\/se\/?p=133416"},"modified":"2022-07-22T09:09:08","modified_gmt":"2022-07-22T12:09:08","slug":"homem-e-baleado-por-guarda-municipal-apos-roubar-carro-a-mao-armada-na-grande-aracaju","status":"publish","type":"post","link":"https:\/\/senoticias.com.br\/se\/homem-e-baleado-por-guarda-municipal-apos-roubar-carro-a-mao-armada-na-grande-aracaju\/","title":{"rendered":"Homem \u00e9 baleado por guarda municipal ap\u00f3s roubar carro \u00e0 m\u00e3o armada na Grande Aracaju"},"content":{"rendered":"\n<p>Um homem foi baleado por um guarda municipal no Povoado Bita, em Nossa Senhora do Socorro, na noite desta quinta-feira (21).<\/p>\n\n\n\n<figure class=\"wp-block-image size-large\"><img loading=\"lazy\" decoding=\"async\" width=\"599\" height=\"270\" src=\"https:\/\/senoticias.com.br\/se\/wp-content\/uploads\/2022\/07\/huse-nova-fachada-1-1024x706.2e1.2e16d0ba.fill-2220x1000-1-e1658491669806.jpg\" alt=\"\" class=\"wp-image-133417\"\/><figcaption>Agente de seguran\u00e7a efetuou um disparo para conter o assaltante.<\/figcaption><\/figure>\n\n\n\n<p>Segundo a Pol\u00edcia Militar, ele teria usado uma arma de fogo para amea\u00e7ar e roubar o carro da m\u00e3e de um guarda municipal, que efetuou um disparo como leg\u00edtima defesa. O assaltante ainda conseguiu fugir mesmo com ferimento no t\u00f3rax, abandonando o ve\u00edculo, arma e outros pertences da v\u00edtima subtra\u00eddos na a\u00e7\u00e3o.<\/p>\n\n\n\n<p>O homem foi localizado momentos depois do crime sob cust\u00f3dia de uma viatura policial e, em seguida, conduzido ao Hospital de Urg\u00eancias de Sergipe (Huse), onde recebeu atendimento m\u00e9dico.<\/p>\n\n\n\n<p><strong><em>Acompanhe tamb\u00e9m o SE Not\u00edcias no\u00a0<a rel=\"noreferrer noopener\" href=\"https:\/\/twitter.com\/Senoticias\" target=\"_blank\">Twitter<\/a>,\u00a0<a rel=\"noreferrer noopener\" href=\"https:\/\/www.facebook.com\/senoticias1\" target=\"_blank\">Facebook<\/a>\u00a0e no\u00a0<a rel=\"noreferrer noopener\" href=\"https:\/\/www.instagram.com\/senoticias\/\" target=\"_blank\">Instagram<\/a><\/em><\/strong><\/p>\n\n\n\n<p>Fonte: A8 SE<\/p>\n","protected":false},"excerpt":{"rendered":"<p>Um homem foi baleado por um guarda municipal no Povoado Bita, em Nossa Senhora do Socorro, na noite desta quinta-feira (21). Segundo a Pol\u00edcia Militar, ele teria usado uma arma de fogo para amea\u00e7ar e roubar o carro da m\u00e3e de um guarda municipal, que efetuou um disparo como leg\u00edtima defesa. O assaltante ainda conseguiu [&hellip;]<\/p>\n","protected":false},"author":6557,"featured_media":0,"comment_status":"closed","ping_status":"closed","sticky":false,"template":"","format":"standard","meta":{"footnotes":""},"categories":[15,20],"tags":[471,8401,36985,319],"class_list":{"0":"post-133416","1":"post","2":"type-post","3":"status-publish","4":"format-standard","6":"category-destaques","7":"category-saude","8":"tag-arma-de-fogo","9":"tag-guarda-municipal","10":"tag-homem-e-baleado","11":"tag-huse"},"_links":{"self":[{"href":"https:\/\/senoticias.com.br\/se\/wp-json\/wp\/v2\/posts\/133416"}],"collection":[{"href":"https:\/\/senoticias.com.br\/se\/wp-json\/wp\/v2\/posts"}],"about":[{"href":"https:\/\/senoticias.com.br\/se\/wp-json\/wp\/v2\/types\/post"}],"author":[{"embeddable":true,"href":"https:\/\/senoticias.com.br\/se\/wp-json\/wp\/v2\/users\/6557"}],"replies":[{"embeddable":true,"href":"https:\/\/senoticias.com.br\/se\/wp-json\/wp\/v2\/comments?post=133416"}],"version-history":[{"count":0,"href":"https:\/\/senoticias.com.br\/se\/wp-json\/wp\/v2\/posts\/133416\/revisions"}],"wp:attachment":[{"href":"https:\/\/senoticias.com.br\/se\/wp-json\/wp\/v2\/media?parent=133416"}],"wp:term":[{"taxonomy":"category","embeddable":true,"href":"https:\/\/senoticias.com.br\/se\/wp-json\/wp\/v2\/categories?post=133416"},{"taxonomy":"post_tag","embeddable":true,"href":"https:\/\/senoticias.com.br\/se\/wp-json\/wp\/v2\/tags?post=133416"}],"curies":[{"name":"wp","href":"https:\/\/api.w.org\/{rel}","templated":true}]}}