{"id":133412,"date":"2022-07-21T20:06:04","date_gmt":"2022-07-21T23:06:04","guid":{"rendered":"https:\/\/senoticias.com.br\/se\/?p=133412"},"modified":"2022-07-21T20:06:34","modified_gmt":"2022-07-21T23:06:34","slug":"facebook-renova-feed-principal-para-atrair-usuarios-mais-jovens","status":"publish","type":"post","link":"https:\/\/senoticias.com.br\/se\/facebook-renova-feed-principal-para-atrair-usuarios-mais-jovens\/","title":{"rendered":"Facebook renova feed principal para atrair usu\u00e1rios mais jovens"},"content":{"rendered":"\n<p><\/p>\n\n\n\n<p>A Meta disse nesta quinta-feira (21) que est\u00e1 reformulando o feed principal do Facebook para priorizar novos conte\u00fados, em uma tentativa de estilizar seus aplicativos em linha com o aplicativo rival de v\u00eddeo curto TikTok.<\/p>\n\n\n\n<figure class=\"wp-block-image size-large\"><img loading=\"lazy\" decoding=\"async\" width=\"570\" height=\"380\" src=\"https:\/\/senoticias.com.br\/se\/wp-content\/uploads\/2022\/07\/tech-fb-metaverso-20out21-REUTERS_Dado-Ruvic-e1658435226938.jpg\" alt=\"\" class=\"wp-image-133413\" srcset=\"https:\/\/senoticias.com.br\/se\/wp-content\/uploads\/2022\/07\/tech-fb-metaverso-20out21-REUTERS_Dado-Ruvic-e1658435226938.jpg 570w, https:\/\/senoticias.com.br\/se\/wp-content\/uploads\/2022\/07\/tech-fb-metaverso-20out21-REUTERS_Dado-Ruvic-e1658435226938-300x200.jpg 300w, https:\/\/senoticias.com.br\/se\/wp-content\/uploads\/2022\/07\/tech-fb-metaverso-20out21-REUTERS_Dado-Ruvic-e1658435226938-90x60.jpg 90w, https:\/\/senoticias.com.br\/se\/wp-content\/uploads\/2022\/07\/tech-fb-metaverso-20out21-REUTERS_Dado-Ruvic-e1658435226938-180x120.jpg 180w, https:\/\/senoticias.com.br\/se\/wp-content\/uploads\/2022\/07\/tech-fb-metaverso-20out21-REUTERS_Dado-Ruvic-e1658435226938-95x64.jpg 95w\" sizes=\"(max-width: 570px) 100vw, 570px\" \/><figcaption>Concorr\u00eancia com rival TikTok motivou mudan\u00e7a &#8211; Reuters\/Ruvic<\/figcaption><\/figure>\n\n\n\n<p>Os executivos do Meta expressaram maior urg\u00eancia nos \u00faltimos meses em aumentar os &#8216;Reels&#8217;, similar ao formato de v\u00eddeo curto do TikTok, que tem sido popular entre usu\u00e1rios mais jovens.<\/p>\n\n\n\n<p>A p\u00e1gina principal do feed de not\u00edcias do Facebook que os usu\u00e1rios veem quando abrem o aplicativo come\u00e7ar\u00e1 a apresentar postagens populares de contas que os usu\u00e1rios n\u00e3o seguem, incluindo reels e stories, disse a Meta em comunicado.<\/p>\n\n\n\n<p>O Facebook vai sugerir postagens aos usu\u00e1rios com um sistema de classifica\u00e7\u00e3o de aprendizado de m\u00e1quina e est\u00e1 investindo em intelig\u00eancia artificial para fornecer conte\u00fado recomendado.<\/p>\n\n\n\n<p>O feed de not\u00edcias atual, com postagens recentes de amigos, p\u00e1ginas e grupos que os usu\u00e1rios escolhem ativamente seguir, ser\u00e1 movido para uma nova guia separada chamada Feeds.<\/p>\n\n\n\n<p>Os feeds incluir\u00e3o an\u00fancios, por\u00e9m a Meta disse que n\u00e3o ter\u00e1 postagens sugeridas para o usu\u00e1rio.<\/p>\n\n\n\n<p>Adam Mosseri, chefe do aplicativo Instagram, anunciou testes de uma experi\u00eancia de visualiza\u00e7\u00e3o mais imersiva no estilo TikTok em maio, enquanto o presidente-executivo Mark Zuckerberg disse em abril que a companhia estava fazendo investimentos significativos em intelig\u00eancia artificial e aprendizado de m\u00e1quina para apoiar a abordagem de &#8220;motor de descoberta&#8221;.<\/p>\n\n\n\n<p><strong><em>Acompanhe tamb\u00e9m o SE Not\u00edcias no\u00a0<a rel=\"noreferrer noopener\" href=\"https:\/\/twitter.com\/Senoticias\" target=\"_blank\">Twitter<\/a>,\u00a0<a rel=\"noreferrer noopener\" href=\"https:\/\/www.facebook.com\/senoticias1\" target=\"_blank\">Facebook<\/a>\u00a0e no\u00a0<a rel=\"noreferrer noopener\" href=\"https:\/\/www.instagram.com\/senoticias\/\" target=\"_blank\">Instagram<\/a><\/em><\/strong><\/p>\n\n\n\n<p>Fonte: Ag\u00eancia Brasil<\/p>\n","protected":false},"excerpt":{"rendered":"<p>A Meta disse nesta quinta-feira (21) que est\u00e1 reformulando o feed principal do Facebook para priorizar novos conte\u00fados, em uma tentativa de estilizar seus aplicativos em linha com o aplicativo rival de v\u00eddeo curto TikTok. Os executivos do Meta expressaram maior urg\u00eancia nos \u00faltimos meses em aumentar os &#8216;Reels&#8217;, similar ao formato de v\u00eddeo curto [&hellip;]<\/p>\n","protected":false},"author":6557,"featured_media":0,"comment_status":"closed","ping_status":"closed","sticky":false,"template":"","format":"standard","meta":{"footnotes":""},"categories":[15,45],"tags":[36982,8105,36984,36983],"class_list":{"0":"post-133412","1":"post","2":"type-post","3":"status-publish","4":"format-standard","6":"category-destaques","7":"category-tecnologia","8":"tag-facebook-renova-feed","9":"tag-mark-zuckerberg","10":"tag-reels","11":"tag-usuarios-mais-jovens"},"_links":{"self":[{"href":"https:\/\/senoticias.com.br\/se\/wp-json\/wp\/v2\/posts\/133412"}],"collection":[{"href":"https:\/\/senoticias.com.br\/se\/wp-json\/wp\/v2\/posts"}],"about":[{"href":"https:\/\/senoticias.com.br\/se\/wp-json\/wp\/v2\/types\/post"}],"author":[{"embeddable":true,"href":"https:\/\/senoticias.com.br\/se\/wp-json\/wp\/v2\/users\/6557"}],"replies":[{"embeddable":true,"href":"https:\/\/senoticias.com.br\/se\/wp-json\/wp\/v2\/comments?post=133412"}],"version-history":[{"count":0,"href":"https:\/\/senoticias.com.br\/se\/wp-json\/wp\/v2\/posts\/133412\/revisions"}],"wp:attachment":[{"href":"https:\/\/senoticias.com.br\/se\/wp-json\/wp\/v2\/media?parent=133412"}],"wp:term":[{"taxonomy":"category","embeddable":true,"href":"https:\/\/senoticias.com.br\/se\/wp-json\/wp\/v2\/categories?post=133412"},{"taxonomy":"post_tag","embeddable":true,"href":"https:\/\/senoticias.com.br\/se\/wp-json\/wp\/v2\/tags?post=133412"}],"curies":[{"name":"wp","href":"https:\/\/api.w.org\/{rel}","templated":true}]}}