{"id":133409,"date":"2022-07-21T19:12:56","date_gmt":"2022-07-21T22:12:56","guid":{"rendered":"https:\/\/senoticias.com.br\/se\/?p=133409"},"modified":"2022-07-21T19:30:45","modified_gmt":"2022-07-21T22:30:45","slug":"apos-denuncia-de-importunacao-sexual-contra-prefeito-de-simao-dias-policia-diz-que-nao-houve-crime","status":"publish","type":"post","link":"https:\/\/senoticias.com.br\/se\/apos-denuncia-de-importunacao-sexual-contra-prefeito-de-simao-dias-policia-diz-que-nao-houve-crime\/","title":{"rendered":"Ap\u00f3s den\u00fancia de importuna\u00e7\u00e3o sexual contra prefeito de Sim\u00e3o Dias, pol\u00edcia diz que n\u00e3o houve crime"},"content":{"rendered":"\n<p>O prefeito de Sim\u00e3o Dias, <strong><a href=\"https:\/\/senoticias.com.br\/se\/prefeito-e-acusado-de-importunacao-sexual-apos-troca-de-mensagens-com-garota-no-whatsapp\/\">Cristiano Viana, foi acusado, recentemente, de importuna\u00e7\u00e3o sexual por uma jovem que mora na cidade<\/a><\/strong>. No entanto, depois das investiga\u00e7\u00f5es, a pol\u00edcia nega a exist\u00eancia de crime na a\u00e7\u00e3o.<\/p>\n\n\n\n<figure class=\"wp-block-image size-large\"><img decoding=\"async\" src=\"https:\/\/senoticias.com.br\/se\/wp-content\/uploads\/2022\/07\/importunacao-sexual-Se-Noticias.jpg\" alt=\"\" class=\"wp-image-133410\"\/><figcaption>\nA informa\u00e7\u00e3o foi confirmada pela Secretaria de Seguran\u00e7a P\u00fablica\nfoto: reprodu\u00e7\u00e3o redes sociais\n<\/figcaption><\/figure>\n\n\n\n<p>A informa\u00e7\u00e3o foi confirmada pela Secretaria de Seguran\u00e7a P\u00fablica. &#8220;O delegado Clever Farias teve acesso integral \u00e0 conversa que aconteceu entre as partes, constatando que o prefeito n\u00e3o cometeu crime de ass\u00e9dio sexual, pois para se configurar tal delito \u00e9 preciso que exista v\u00ednculo hier\u00e1rquico ou rela\u00e7\u00e3o de poder entre as partes. O delegado informou tamb\u00e9m n\u00e3o houve importuna\u00e7\u00e3o sexual pelo fato de n\u00e3o ter havido contato f\u00edsico entre as duas pessoas citadas&#8221;, pontuou a Secretaria de Seguran\u00e7a P\u00fablica.<\/p>\n\n\n\n<p>A SSP ainda declarou que o caso foi encerrado &#8220;pois, a partir do que foi apresentado at\u00e9 o momento, falta justa causa&#8221;.<\/p>\n\n\n\n<p>Em nota, a assessoria do munic\u00edpio disse que as for\u00e7as policiais informaram que os fatos trazidos e registrados no boletim de ocorr\u00eancia n\u00e3o conotam crime e, por isso, n\u00e3o ser\u00e3o mais investigados.<\/p>\n\n\n\n<p>\u201cFicou explicitado que n\u00e3o houve crime de importuna\u00e7\u00e3o sexual ou ass\u00e9dio, assim, n\u00e3o preenchendo os requisitos da lei e toda essa repercuss\u00e3o deu-se apenas por se tratar de uma pessoa p\u00fablica\u201d, explicou a assessoria.<\/p>\n\n\n\n<p><strong>Caso<\/strong><\/p>\n\n\n\n<p>A hist\u00f3ria come\u00e7ou quando um bate-papo foi divulgado pelas redes sociais atrav\u00e9s da denunciante. A jovem iniciou a conversa com uma cobran\u00e7a pela rede de esgoto em um conjunto do munic\u00edpio, mas Cristiano ignora, e ela persiste, dessa vez, pedindo ajuda para a compra de uma porta. O prefeito pergunta, \u201cquem t\u00e1 falando?\u201d, ela responde e envia uma selfie para se identificar. Foi a\u00ed que ele mandou: \u201cse mandasse [a foto] pelada sim\u201d, depois escreve \u201cbrincadeira\u201d.<\/p>\n\n\n\n<p><strong><em>Acompanhe tamb\u00e9m o SE Not\u00edcias no\u00a0<a rel=\"noreferrer noopener\" href=\"https:\/\/twitter.com\/Senoticias\" target=\"_blank\">Twitter<\/a>,\u00a0<a rel=\"noreferrer noopener\" href=\"https:\/\/www.facebook.com\/senoticias1\" target=\"_blank\">Facebook<\/a>\u00a0e no\u00a0<a rel=\"noreferrer noopener\" href=\"https:\/\/www.instagram.com\/senoticias\/\" target=\"_blank\">Instagram<\/a><\/em><\/strong><\/p>\n\n\n\n<p>Fonte: A8SE<\/p>\n","protected":false},"excerpt":{"rendered":"<p>O prefeito de Sim\u00e3o Dias, Cristiano Viana, foi acusado, recentemente, de importuna\u00e7\u00e3o sexual por uma jovem que mora na cidade. No entanto, depois das investiga\u00e7\u00f5es, a pol\u00edcia nega a exist\u00eancia de crime na a\u00e7\u00e3o. A informa\u00e7\u00e3o foi confirmada pela Secretaria de Seguran\u00e7a P\u00fablica. &#8220;O delegado Clever Farias teve acesso integral \u00e0 conversa que aconteceu entre [&hellip;]<\/p>\n","protected":false},"author":6557,"featured_media":0,"comment_status":"closed","ping_status":"closed","sticky":false,"template":"","format":"standard","meta":{"footnotes":""},"categories":[15,7,6],"tags":[13777,16733,802],"class_list":{"0":"post-133409","1":"post","2":"type-post","3":"status-publish","4":"format-standard","6":"category-destaques","7":"category-policia","8":"category-politica","9":"tag-importunacao-sexual","10":"tag-prefeito-cristiano-viana","11":"tag-simao-dias"},"_links":{"self":[{"href":"https:\/\/senoticias.com.br\/se\/wp-json\/wp\/v2\/posts\/133409"}],"collection":[{"href":"https:\/\/senoticias.com.br\/se\/wp-json\/wp\/v2\/posts"}],"about":[{"href":"https:\/\/senoticias.com.br\/se\/wp-json\/wp\/v2\/types\/post"}],"author":[{"embeddable":true,"href":"https:\/\/senoticias.com.br\/se\/wp-json\/wp\/v2\/users\/6557"}],"replies":[{"embeddable":true,"href":"https:\/\/senoticias.com.br\/se\/wp-json\/wp\/v2\/comments?post=133409"}],"version-history":[{"count":0,"href":"https:\/\/senoticias.com.br\/se\/wp-json\/wp\/v2\/posts\/133409\/revisions"}],"wp:attachment":[{"href":"https:\/\/senoticias.com.br\/se\/wp-json\/wp\/v2\/media?parent=133409"}],"wp:term":[{"taxonomy":"category","embeddable":true,"href":"https:\/\/senoticias.com.br\/se\/wp-json\/wp\/v2\/categories?post=133409"},{"taxonomy":"post_tag","embeddable":true,"href":"https:\/\/senoticias.com.br\/se\/wp-json\/wp\/v2\/tags?post=133409"}],"curies":[{"name":"wp","href":"https:\/\/api.w.org\/{rel}","templated":true}]}}