{"id":133370,"date":"2022-07-18T21:33:52","date_gmt":"2022-07-19T00:33:52","guid":{"rendered":"https:\/\/senoticias.com.br\/se\/?p=133370"},"modified":"2022-07-18T22:25:46","modified_gmt":"2022-07-19T01:25:46","slug":"prefeitura-de-aracaju-rescinde-contrato-com-empresa-concessionaria-das-feiras-livres","status":"publish","type":"post","link":"https:\/\/senoticias.com.br\/se\/prefeitura-de-aracaju-rescinde-contrato-com-empresa-concessionaria-das-feiras-livres\/","title":{"rendered":"Prefeitura de Aracaju rescinde contrato com empresa concession\u00e1ria das feiras livres"},"content":{"rendered":"\n<p><\/p>\n\n\n\n<p>A Empresa Municipal de Servi\u00e7os Urbanos (Emsurb) rescindiu unilateralmente, nesta segunda-feira, 18, o contrato N\u00ba 059\/2019, celebrado com a <strong>Locazil Loca\u00e7\u00f5es e Servi\u00e7os LTDA<\/strong>., empresa que, em dezembro de 2019, ap\u00f3s vencer processo licitat\u00f3rio (N\u00ba002\/2019), assumiu a concess\u00e3o do servi\u00e7o p\u00fablico para organiza\u00e7\u00e3o e manuten\u00e7\u00e3o das feiras livres da capital, com vig\u00eancia at\u00e9 10 de dezembro de 2029.<\/p>\n\n\n\n<figure class=\"wp-block-image size-large\"><img loading=\"lazy\" decoding=\"async\" width=\"595\" height=\"427\" src=\"https:\/\/senoticias.com.br\/se\/wp-content\/uploads\/2022\/07\/FeirasLivres-SE-Noticias.jpg\" alt=\"\" class=\"wp-image-133372\" srcset=\"https:\/\/senoticias.com.br\/se\/wp-content\/uploads\/2022\/07\/FeirasLivres-SE-Noticias.jpg 595w, https:\/\/senoticias.com.br\/se\/wp-content\/uploads\/2022\/07\/FeirasLivres-SE-Noticias-300x215.jpg 300w, https:\/\/senoticias.com.br\/se\/wp-content\/uploads\/2022\/07\/FeirasLivres-SE-Noticias-475x342.jpg 475w\" sizes=\"(max-width: 595px) 100vw, 595px\" \/><figcaption>Emsurb rescinde contrato com empresa concession\u00e1ria das feiras livres &#8211; Foto: arquivo\/MPSE<\/figcaption><\/figure>\n\n\n\n<p>&#8220;A medida se d\u00e1 mediante o cometimento de graves e constantes infra\u00e7\u00f5es por viola\u00e7\u00e3o dos termos contratuais, apesar dos di\u00e1logos mantidos e das notifica\u00e7\u00f5es encaminhadas, 40 no total, prevendo esclarecimentos e o retorno da oferta dos servi\u00e7os de qualidade&#8221;, informa o presidente da Emsurb, Bruno Moraes.<\/p>\n\n\n\n<p>Conforme consta no Termo de Rescis\u00e3o, a concession\u00e1ria estava causando preju\u00edzos \u00e0 comercializa\u00e7\u00e3o e abastecimento, a varejo, dos produtos hortifrutigranjeiros, cereais, latic\u00ednios e produtos de origem animal, e n\u00e3o estava atendendo \u00e0s normas sanit\u00e1rias e de sa\u00fade p\u00fablica dispostas nas legisla\u00e7\u00f5es pertinentes.<\/p>\n\n\n\n<p>&#8220;O referido termo foi elaborado a partir de relatos da fiscaliza\u00e7\u00e3o do contrato, sob orienta\u00e7\u00e3o da Diretoria de Espa\u00e7os P\u00fablicos e Abastecimento [Direpa\/Emsurb]; das inspe\u00e7\u00f5es realizadas pela Diretoria de Vigil\u00e2ncia Sanit\u00e1ria e Aten\u00e7\u00e3o \u00e0 Sa\u00fade, da Secretaria Municipal da Sa\u00fade [SMS]; e parecer da Comiss\u00e3o Permanente de Apura\u00e7\u00e3o de Infra\u00e7\u00e3o [CAI\/Emsurb], que refor\u00e7a a necessidade de dar continuidade \u00e0s devidas apura\u00e7\u00f5es e aplica\u00e7\u00f5es das san\u00e7\u00f5es cab\u00edveis. Tamb\u00e9m foram levados em considera\u00e7\u00e3o depoimentos de feirantes e consumidores, atrav\u00e9s de ve\u00edculos de comunica\u00e7\u00e3o&#8221;, explica a gerente interina de Contratos e tamb\u00e9m presidente da Comiss\u00e3o Permanente de Licita\u00e7\u00e3o (CPL) da Emsurb, \u00c9mile Dantas Cartaxo.<\/p>\n\n\n\n<p>Acompanhando cada etapa da situa\u00e7\u00e3o que envolve as feiras e com o intuito de garantir a presta\u00e7\u00e3o de um servi\u00e7o de qualidade para popula\u00e7\u00e3o, o presidente da Emsurb acrescenta que, no dia 7 de julho, a <strong>Locazil Loca\u00e7\u00f5es e Servi\u00e7os LTDA <\/strong>chegou a protocolar of\u00edcio junto ao \u00f3rg\u00e3o solicitando o decl\u00ednio dos contratos referentes a tr\u00eas dos cinco lotes que comp\u00f5em a concess\u00e3o. De acordo com Bruno, a solicita\u00e7\u00e3o protocolada, al\u00e9m de n\u00e3o apresentar fundamentos, demonstra a falta de condi\u00e7\u00e3o da Locazil para se manter na concess\u00e3o do servi\u00e7o p\u00fablico.<\/p>\n\n\n\n<p><strong>Nova concess\u00e3o<\/strong><\/p>\n\n\n\n<p>Com a rescis\u00e3o contratual sendo elaborada, a Emsurb deu in\u00edcio ao chamamento das demais empresas que concorreram e foram classificadas no certame anterior. Ap\u00f3s o procedimento, a concess\u00e3o do servi\u00e7o p\u00fablico de organiza\u00e7\u00e3o de 28 feiras livres, at\u00e9 o prazo vigente (dezembro de 2029), passa a ser de responsabilidade da <strong>empresa Sergipe Loca\u00e7\u00f5es Feiras e Eventos Eireli.<\/strong> A nova empresa concession\u00e1ria iniciar\u00e1 suas atividades j\u00e1 nesta ter\u00e7a-feira, dia 19, pela feira do Batist\u00e3o, com a instala\u00e7\u00e3o de bancas.<\/p>\n\n\n\n<p>&#8220;Como prev\u00ea o contrato, assim como ocorreu com a Locazil na ocasi\u00e3o, a Eireli ter\u00e1 um prazo de 30 dias, podendo este ser ampliado, para providenciar a aquisi\u00e7\u00e3o dos balc\u00f5es refrigerados e posterior disponibiliza\u00e7\u00e3o nas feiras administradas pela empresa municipal&#8221;, salienta o gestor da Emsurb.<\/p>\n\n\n\n<p>Bruno Moraes acrescenta, ainda, que, h\u00e1 alguns dias, esteve no Minist\u00e9rio P\u00fablico Estadual (MPE\/SE), na Promotoria de Justi\u00e7a de Defesa do Consumidor, para dar ci\u00eancia \u00e0 promotora Euza Missano sobre as ocorr\u00eancias envolvendo as feiras livres e, consequentemente, sobre as medidas que seriam adotadas pela Emsurb para solucionar as quest\u00f5es.<\/p>\n\n\n\n<p>&#8220;Agora, iremos ao Minist\u00e9rio P\u00fablico informar sobre a rescis\u00e3o e assinatura dos contratos, respectivamente, com a Locazil e Sergipe Loca\u00e7\u00f5es, e para refor\u00e7ar que as nossas diretrizes continuam voltadas para a presta\u00e7\u00e3o de servi\u00e7os de qualidade \u00e0 popula\u00e7\u00e3o aracajuana&#8221;, destaca Bruno.<\/p>\n\n\n\n<p><strong><em>Acompanhe tamb\u00e9m o SE Not\u00edcias no\u00a0<a rel=\"noreferrer noopener\" href=\"https:\/\/twitter.com\/Senoticias\" target=\"_blank\">Twitter<\/a>,\u00a0<a rel=\"noreferrer noopener\" href=\"https:\/\/www.facebook.com\/senoticias1\" target=\"_blank\">Facebook<\/a>\u00a0e no\u00a0<a rel=\"noreferrer noopener\" href=\"https:\/\/www.instagram.com\/senoticias\/\" target=\"_blank\">Instagram<\/a><\/em><\/strong><\/p>\n\n\n\n<p>Fonte: ascom\/Emsurb<\/p>\n","protected":false},"excerpt":{"rendered":"<p>A Empresa Municipal de Servi\u00e7os Urbanos (Emsurb) rescindiu unilateralmente, nesta segunda-feira, 18, o contrato N\u00ba 059\/2019, celebrado com a Locazil Loca\u00e7\u00f5es e Servi\u00e7os LTDA., empresa que, em dezembro de 2019, ap\u00f3s vencer processo licitat\u00f3rio (N\u00ba002\/2019), assumiu a concess\u00e3o do servi\u00e7o p\u00fablico para organiza\u00e7\u00e3o e manuten\u00e7\u00e3o das feiras livres da capital, com vig\u00eancia at\u00e9 10 de [&hellip;]<\/p>\n","protected":false},"author":6557,"featured_media":0,"comment_status":"closed","ping_status":"closed","sticky":false,"template":"","format":"standard","meta":{"footnotes":""},"categories":[15,6,1],"tags":[3078,14457,213],"class_list":{"0":"post-133370","1":"post","2":"type-post","3":"status-publish","4":"format-standard","6":"category-destaques","7":"category-politica","8":"category-sem-categoria","9":"tag-emsurb","10":"tag-feiras-livres","11":"tag-prefeitura-de-aracaju"},"_links":{"self":[{"href":"https:\/\/senoticias.com.br\/se\/wp-json\/wp\/v2\/posts\/133370"}],"collection":[{"href":"https:\/\/senoticias.com.br\/se\/wp-json\/wp\/v2\/posts"}],"about":[{"href":"https:\/\/senoticias.com.br\/se\/wp-json\/wp\/v2\/types\/post"}],"author":[{"embeddable":true,"href":"https:\/\/senoticias.com.br\/se\/wp-json\/wp\/v2\/users\/6557"}],"replies":[{"embeddable":true,"href":"https:\/\/senoticias.com.br\/se\/wp-json\/wp\/v2\/comments?post=133370"}],"version-history":[{"count":0,"href":"https:\/\/senoticias.com.br\/se\/wp-json\/wp\/v2\/posts\/133370\/revisions"}],"wp:attachment":[{"href":"https:\/\/senoticias.com.br\/se\/wp-json\/wp\/v2\/media?parent=133370"}],"wp:term":[{"taxonomy":"category","embeddable":true,"href":"https:\/\/senoticias.com.br\/se\/wp-json\/wp\/v2\/categories?post=133370"},{"taxonomy":"post_tag","embeddable":true,"href":"https:\/\/senoticias.com.br\/se\/wp-json\/wp\/v2\/tags?post=133370"}],"curies":[{"name":"wp","href":"https:\/\/api.w.org\/{rel}","templated":true}]}}