{"id":133275,"date":"2022-07-11T07:25:51","date_gmt":"2022-07-11T10:25:51","guid":{"rendered":"https:\/\/senoticias.com.br\/se\/?p=133275"},"modified":"2022-07-11T07:26:57","modified_gmt":"2022-07-11T10:26:57","slug":"estado-de-sergipe-registra-duas-mortes-e-578-casos-conhecidos-de-covid-19","status":"publish","type":"post","link":"https:\/\/senoticias.com.br\/se\/estado-de-sergipe-registra-duas-mortes-e-578-casos-conhecidos-de-covid-19\/","title":{"rendered":"Estado de Sergipe registra duas mortes e 578 novos casos de Covid-19"},"content":{"rendered":"\n<p><\/p>\n\n\n\n<p>Sergipe registrou duas mortes e 578 novos casos conhecidos de Covid-19, de acordo com o boletim epidemiol\u00f3gico estadual divulgado pelo Conselho Nacional de Secret\u00e1rios de Sa\u00fade (Conass) neste domingo (10).<\/p>\n\n\n\n<figure class=\"wp-block-image size-large\"><img loading=\"lazy\" decoding=\"async\" width=\"599\" height=\"445\" src=\"https:\/\/senoticias.com.br\/se\/wp-content\/uploads\/2021\/03\/Mortes-covid19-SE-noticias-e1615541110559.jpg\" alt=\"\" class=\"wp-image-127028\"\/><figcaption> Desde o in\u00edcio da pandemia, 334.591 pessoas testaram positivo para a doen\u00e7a e 6.370 morreram \u2014 Foto: SES\/arquivo\/divulga\u00e7\u00e3o <\/figcaption><\/figure>\n\n\n\n<p>Desde o in\u00edcio da pandemia, 334.591 pessoas testaram positivo para a doen\u00e7a e 6.370 morreram.. A taxa de letalidade \u00e9 de 1,9%, a de mortalidade 277,1 e de incid\u00eancia 14.555,7.<\/p>\n\n\n\n<p>Em virtude da continuidade da contamina\u00e7\u00e3o pela Covid-19 e por acreditarem que muitas pessoas n\u00e3o realizam o teste para a identifica\u00e7\u00e3o da doen\u00e7a, mesmo sendo necess\u00e1rio, especialistas recomendam a manuten\u00e7\u00e3o do uso de m\u00e1scara, \u00e1lcool em gel, distanciamento social e isolamento das pessoas com sintomas.<\/p>\n\n\n\n<p><strong><em>Acompanhe tamb\u00e9m o SE Not\u00edcias no\u00a0<a rel=\"noreferrer noopener\" href=\"https:\/\/twitter.com\/Senoticias\" target=\"_blank\">Twitter<\/a>,\u00a0<a rel=\"noreferrer noopener\" href=\"https:\/\/www.facebook.com\/senoticias1\" target=\"_blank\">Facebook<\/a>\u00a0e no\u00a0<a rel=\"noreferrer noopener\" href=\"https:\/\/www.instagram.com\/senoticias\/\" target=\"_blank\">Instagram<\/a><\/em><\/strong><\/p>\n\n\n\n<p>Fonte: SES e <strong><a href=\"https:\/\/g1.globo.com\/se\/sergipe\/noticia\/2022\/07\/10\/sergipe-registra-duas-mortes-e-578-casos-conhecidos-de-covid-19.ghtml\">G1<\/a><\/strong> SE<\/p>\n","protected":false},"excerpt":{"rendered":"<p>Sergipe registrou duas mortes e 578 novos casos conhecidos de Covid-19, de acordo com o boletim epidemiol\u00f3gico estadual divulgado pelo Conselho Nacional de Secret\u00e1rios de Sa\u00fade (Conass) neste domingo (10). Desde o in\u00edcio da pandemia, 334.591 pessoas testaram positivo para a doen\u00e7a e 6.370 morreram.. A taxa de letalidade \u00e9 de 1,9%, a de mortalidade [&hellip;]<\/p>\n","protected":false},"author":6557,"featured_media":0,"comment_status":"closed","ping_status":"closed","sticky":false,"template":"","format":"standard","meta":{"footnotes":""},"categories":[15,6],"tags":[14279,36913,555,14853],"class_list":{"0":"post-133275","1":"post","2":"type-post","3":"status-publish","4":"format-standard","6":"category-destaques","7":"category-politica","8":"tag-covid19","9":"tag-duas-mortes","10":"tag-estado-de-sergipe","11":"tag-mortes-por-covid19"},"_links":{"self":[{"href":"https:\/\/senoticias.com.br\/se\/wp-json\/wp\/v2\/posts\/133275"}],"collection":[{"href":"https:\/\/senoticias.com.br\/se\/wp-json\/wp\/v2\/posts"}],"about":[{"href":"https:\/\/senoticias.com.br\/se\/wp-json\/wp\/v2\/types\/post"}],"author":[{"embeddable":true,"href":"https:\/\/senoticias.com.br\/se\/wp-json\/wp\/v2\/users\/6557"}],"replies":[{"embeddable":true,"href":"https:\/\/senoticias.com.br\/se\/wp-json\/wp\/v2\/comments?post=133275"}],"version-history":[{"count":0,"href":"https:\/\/senoticias.com.br\/se\/wp-json\/wp\/v2\/posts\/133275\/revisions"}],"wp:attachment":[{"href":"https:\/\/senoticias.com.br\/se\/wp-json\/wp\/v2\/media?parent=133275"}],"wp:term":[{"taxonomy":"category","embeddable":true,"href":"https:\/\/senoticias.com.br\/se\/wp-json\/wp\/v2\/categories?post=133275"},{"taxonomy":"post_tag","embeddable":true,"href":"https:\/\/senoticias.com.br\/se\/wp-json\/wp\/v2\/tags?post=133275"}],"curies":[{"name":"wp","href":"https:\/\/api.w.org\/{rel}","templated":true}]}}