{"id":133238,"date":"2022-07-07T10:21:55","date_gmt":"2022-07-07T13:21:55","guid":{"rendered":"https:\/\/senoticias.com.br\/se\/?p=133238"},"modified":"2022-07-07T10:22:22","modified_gmt":"2022-07-07T13:22:22","slug":"policia-civil-ouve-suspeito-de-arremessar-pedras-contra-jornalistas-em-capela","status":"publish","type":"post","link":"https:\/\/senoticias.com.br\/se\/policia-civil-ouve-suspeito-de-arremessar-pedras-contra-jornalistas-em-capela\/","title":{"rendered":"Pol\u00edcia Civil ouve suspeito de arremessar pedras contra jornalistas em Capela"},"content":{"rendered":"\n<p>O homem que aparece em grava\u00e7\u00f5es de v\u00eddeo entre as pessoas que arremessaram pedras contra profissionais da imprensa no \u00faltimo domingo (3), em Capela, foi ouvido nessa quarta-feira (6). Ele alegou que estava jogando lama por cima do trio. Os jornalistas J\u00e9ssika Cruz e Anderson Barbosa, respectivamente da TV Atalaia e TV Sergipe, tamb\u00e9m prestaram depoimento na Coordenadoria Operacional da Pol\u00edcia Civil do Interior. Os profissionais declararam que, al\u00e9m de lama, no trio e no carro de apoio, havia pedras e cacos de vidro, e informaram que o trabalho da imprensa ficou comprometido no local.<\/p>\n\n\n\n<figure class=\"wp-block-image size-large\"><img loading=\"lazy\" decoding=\"async\" width=\"576\" height=\"317\" src=\"https:\/\/senoticias.com.br\/se\/wp-content\/uploads\/2022\/07\/WhatsApp-Image-2022-07-07-at-09.27.42.jpeg\" alt=\"\" class=\"wp-image-133239\" srcset=\"https:\/\/senoticias.com.br\/se\/wp-content\/uploads\/2022\/07\/WhatsApp-Image-2022-07-07-at-09.27.42.jpeg 576w, https:\/\/senoticias.com.br\/se\/wp-content\/uploads\/2022\/07\/WhatsApp-Image-2022-07-07-at-09.27.42-300x165.jpeg 300w\" sizes=\"(max-width: 576px) 100vw, 576px\" \/><figcaption>\n\nLama, pedras e cacos de vidro foram vistos pelos profissionais da imprensa ap\u00f3s o ato &#8211; Foto: ascom\/divulga\u00e7\u00e3o\n<\/figcaption><\/figure>\n\n\n\n<p>De acordo com o delegado Wanderson Bastos, o suspeito disse que n\u00e3o estava arremessando pedras e que estava jogando lama. \u201cEle disse que em nenhum momento tinha a inten\u00e7\u00e3o de atingir os jornalistas e que o objetivo dele era jogar lama por cima do mini trio, no entanto as imagens mostram o contr\u00e1rio\u201d, explicou.<\/p>\n\n\n\n<p>Conforme o delegado, ser\u00e1 aberto um procedimento para o juiz de direito de Capela apreciar o fato e decidir pela condi\u00e7\u00e3o do suspeito. \u201cSe houver necessidade para esclarecer algum ponto controvertido, n\u00f3s iremos intimar outras pessoas. Por enquanto, eu vou me debru\u00e7ar sobre o depoimento e decidir pela oitiva de outras pessoas\u201d, detalhou.<\/p>\n\n\n\n<p>Wanderson Bastos reiterou que pode haver outros envolvidos na pr\u00e1tica contra os profissionais da imprensa em Capela. \u201cOs v\u00eddeos v\u00e3o nos ajudar a identificar outras pessoas que, da mesma forma que n\u00f3s atuamos divulgando a imagem, n\u00f3s tamb\u00e9m vamos pedir a colabora\u00e7\u00e3o da popula\u00e7\u00e3o para chegar a outros eventuais respons\u00e1veis pelo ato\u201d, disse.<\/p>\n\n\n\n<p>O procedimento investigativo continua em andamento e o inqu\u00e9rito ser\u00e1 repassado \u00e0 Justi\u00e7a. A Pol\u00edcia Civil solicita que outras informa\u00e7\u00f5es sobre o ato registrado em Capela sejam repassadas ao Disque-Den\u00fancia, por meio do telefone 181. O sigilo do denunciante \u00e9 garantido.<\/p>\n\n\n\n<p><strong><em>Acompanhe tamb\u00e9m o SE Not\u00edcias no\u00a0<a rel=\"noreferrer noopener\" href=\"https:\/\/twitter.com\/Senoticias\" target=\"_blank\">Twitter<\/a>,\u00a0<a rel=\"noreferrer noopener\" href=\"https:\/\/www.facebook.com\/senoticias1\" target=\"_blank\">Facebook<\/a>\u00a0e no\u00a0<a rel=\"noreferrer noopener\" href=\"https:\/\/www.instagram.com\/senoticias\/\" target=\"_blank\">Instagram<\/a><\/em><\/strong><\/p>\n\n\n\n<p>Fonte: SSP\/SE<\/p>\n","protected":false},"excerpt":{"rendered":"<p>O homem que aparece em grava\u00e7\u00f5es de v\u00eddeo entre as pessoas que arremessaram pedras contra profissionais da imprensa no \u00faltimo domingo (3), em Capela, foi ouvido nessa quarta-feira (6). Ele alegou que estava jogando lama por cima do trio. Os jornalistas J\u00e9ssika Cruz e Anderson Barbosa, respectivamente da TV Atalaia e TV Sergipe, tamb\u00e9m prestaram [&hellip;]<\/p>\n","protected":false},"author":6557,"featured_media":0,"comment_status":"closed","ping_status":"closed","sticky":false,"template":"","format":"standard","meta":{"footnotes":""},"categories":[15,7],"tags":[978,10269,78],"class_list":{"0":"post-133238","1":"post","2":"type-post","3":"status-publish","4":"format-standard","6":"category-destaques","7":"category-policia","8":"tag-capela","9":"tag-festa-do-mastro","10":"tag-policia-civil"},"_links":{"self":[{"href":"https:\/\/senoticias.com.br\/se\/wp-json\/wp\/v2\/posts\/133238"}],"collection":[{"href":"https:\/\/senoticias.com.br\/se\/wp-json\/wp\/v2\/posts"}],"about":[{"href":"https:\/\/senoticias.com.br\/se\/wp-json\/wp\/v2\/types\/post"}],"author":[{"embeddable":true,"href":"https:\/\/senoticias.com.br\/se\/wp-json\/wp\/v2\/users\/6557"}],"replies":[{"embeddable":true,"href":"https:\/\/senoticias.com.br\/se\/wp-json\/wp\/v2\/comments?post=133238"}],"version-history":[{"count":0,"href":"https:\/\/senoticias.com.br\/se\/wp-json\/wp\/v2\/posts\/133238\/revisions"}],"wp:attachment":[{"href":"https:\/\/senoticias.com.br\/se\/wp-json\/wp\/v2\/media?parent=133238"}],"wp:term":[{"taxonomy":"category","embeddable":true,"href":"https:\/\/senoticias.com.br\/se\/wp-json\/wp\/v2\/categories?post=133238"},{"taxonomy":"post_tag","embeddable":true,"href":"https:\/\/senoticias.com.br\/se\/wp-json\/wp\/v2\/tags?post=133238"}],"curies":[{"name":"wp","href":"https:\/\/api.w.org\/{rel}","templated":true}]}}