{"id":133196,"date":"2022-07-04T17:17:47","date_gmt":"2022-07-04T20:17:47","guid":{"rendered":"https:\/\/senoticias.com.br\/se\/?p=133196"},"modified":"2022-07-04T17:18:40","modified_gmt":"2022-07-04T20:18:40","slug":"policia-civil-investiga-agressoes-contra-profissionais-da-imprensa-na-festa-do-mastro-em-capela","status":"publish","type":"post","link":"https:\/\/senoticias.com.br\/se\/policia-civil-investiga-agressoes-contra-profissionais-da-imprensa-na-festa-do-mastro-em-capela\/","title":{"rendered":"Pol\u00edcia Civil investiga agress\u00f5es contra profissionais da imprensa na Festa do Mastro em Capela"},"content":{"rendered":"\n<figure class=\"wp-block-image size-large\"><img loading=\"lazy\" decoding=\"async\" width=\"535\" height=\"242\" src=\"https:\/\/senoticias.com.br\/se\/wp-content\/uploads\/2022\/07\/festa-do-mastro-SE-Noticias.jpg\" alt=\"\" class=\"wp-image-133197\" srcset=\"https:\/\/senoticias.com.br\/se\/wp-content\/uploads\/2022\/07\/festa-do-mastro-SE-Noticias.jpg 535w, https:\/\/senoticias.com.br\/se\/wp-content\/uploads\/2022\/07\/festa-do-mastro-SE-Noticias-300x136.jpg 300w\" sizes=\"(max-width: 535px) 100vw, 535px\" \/><figcaption>Profissionais da imprensa foram atacados no domingo, 3 &#8211; Foto: divulga\u00e7\u00e3o\/redes sociais<\/figcaption><\/figure>\n\n\n\n<p>A Delegacia de Capela instaurou procedimento policial para a investiga\u00e7\u00e3o das agress\u00f5es sofridas por profissionais da imprensa nesse domingo (3). Na a\u00e7\u00e3o criminosa, os profissionais foram hostilizados e atacados com pedradas em cima de um trio el\u00e9trico enquanto faziam a cobertura dos festejos em capela.<\/p>\n\n\n\n<p>O delegado Wanderson Bastos relembrou que j\u00e1 foi advogado de profissionais da imprensa e ir\u00e1 atuar para a elucida\u00e7\u00e3o das agress\u00f5es sofridas pelos jornalistas em Capela. \u201cA imprensa livre significa a democracia em sua ess\u00eancia. A maior express\u00e3o da liberdade \u00e9 a de express\u00e3o. N\u00e3o h\u00e1 democracia sem a imprensa livre\u201d, evidenciou.<\/p>\n\n\n\n<p>A Pol\u00edcia Civil continua apurando o caso e solicita que informa\u00e7\u00f5es e den\u00fancias sobre os autores da pr\u00e1tica criminosa sejam repassados \u00e0 pol\u00edcia por meio da ferramenta Disque-Den\u00fancia, no telefone <strong>181. O sigilo do denunciante \u00e9 garantido.<\/strong><\/p>\n\n\n\n<p><strong><em>Acompanhe tamb\u00e9m o SE Not\u00edcias no\u00a0<a rel=\"noreferrer noopener\" href=\"https:\/\/twitter.com\/Senoticias\" target=\"_blank\">Twitter<\/a>,\u00a0<a rel=\"noreferrer noopener\" href=\"https:\/\/www.facebook.com\/senoticias1\" target=\"_blank\">Facebook<\/a>\u00a0e no\u00a0<a rel=\"noreferrer noopener\" href=\"https:\/\/www.instagram.com\/senoticias\/\" target=\"_blank\">Instagram<\/a><\/em><\/strong><\/p>\n\n\n\n<p>Fonte: SSP\/SE<\/p>\n","protected":false},"excerpt":{"rendered":"<p>A Delegacia de Capela instaurou procedimento policial para a investiga\u00e7\u00e3o das agress\u00f5es sofridas por profissionais da imprensa nesse domingo (3). Na a\u00e7\u00e3o criminosa, os profissionais foram hostilizados e atacados com pedradas em cima de um trio el\u00e9trico enquanto faziam a cobertura dos festejos em capela. O delegado Wanderson Bastos relembrou que j\u00e1 foi advogado de [&hellip;]<\/p>\n","protected":false},"author":6557,"featured_media":0,"comment_status":"closed","ping_status":"closed","sticky":false,"template":"","format":"standard","meta":{"footnotes":""},"categories":[15,6],"tags":[4359,36867,36866,78,36865],"class_list":{"0":"post-133196","1":"post","2":"type-post","3":"status-publish","4":"format-standard","6":"category-destaques","7":"category-politica","8":"tag-delegacia-de-capela","9":"tag-festa-do-mastro-em-capela","10":"tag-jornalista-jessika-cruz","11":"tag-policia-civil","12":"tag-reporter-agredida"},"_links":{"self":[{"href":"https:\/\/senoticias.com.br\/se\/wp-json\/wp\/v2\/posts\/133196"}],"collection":[{"href":"https:\/\/senoticias.com.br\/se\/wp-json\/wp\/v2\/posts"}],"about":[{"href":"https:\/\/senoticias.com.br\/se\/wp-json\/wp\/v2\/types\/post"}],"author":[{"embeddable":true,"href":"https:\/\/senoticias.com.br\/se\/wp-json\/wp\/v2\/users\/6557"}],"replies":[{"embeddable":true,"href":"https:\/\/senoticias.com.br\/se\/wp-json\/wp\/v2\/comments?post=133196"}],"version-history":[{"count":0,"href":"https:\/\/senoticias.com.br\/se\/wp-json\/wp\/v2\/posts\/133196\/revisions"}],"wp:attachment":[{"href":"https:\/\/senoticias.com.br\/se\/wp-json\/wp\/v2\/media?parent=133196"}],"wp:term":[{"taxonomy":"category","embeddable":true,"href":"https:\/\/senoticias.com.br\/se\/wp-json\/wp\/v2\/categories?post=133196"},{"taxonomy":"post_tag","embeddable":true,"href":"https:\/\/senoticias.com.br\/se\/wp-json\/wp\/v2\/tags?post=133196"}],"curies":[{"name":"wp","href":"https:\/\/api.w.org\/{rel}","templated":true}]}}