{"id":133192,"date":"2022-07-04T13:15:23","date_gmt":"2022-07-04T16:15:23","guid":{"rendered":"https:\/\/senoticias.com.br\/se\/?p=133192"},"modified":"2022-07-04T14:03:25","modified_gmt":"2022-07-04T17:03:25","slug":"policia-militar-prende-autor-de-homicidio-em-capela","status":"publish","type":"post","link":"https:\/\/senoticias.com.br\/se\/policia-militar-prende-autor-de-homicidio-em-capela\/","title":{"rendered":"Principal suspeito pela morte de empres\u00e1rio em Capela \u00e9 preso e mais 11 pessoas s\u00e3o detidas"},"content":{"rendered":"\n<p><\/p>\n\n\n\n<p>Equipes do Comando do Policiamento Militar do Interior (CPMI) prenderam em flagrante Pablo Alexandre Cerqueira Santos, 25, apontado como o autor do homic\u00eddio do empres\u00e1rio Denisson Marques Melo, de 38 anos, que morreu ap\u00f3s se envolver em uma confus\u00e3o iniciada por outras pessoas. Ele foi atingido por uma garrafa no pesco\u00e7o e n\u00e3o resistiu aos ferimentos registrado na tarde de  domingo, 3, em Capela. Al\u00e9m dele, outras 11 pessoas envolvidas no caso tamb\u00e9m foram presas em Capela.<\/p>\n\n\n\n<figure class=\"wp-block-image size-large\"><img loading=\"lazy\" decoding=\"async\" width=\"575\" height=\"377\" src=\"https:\/\/senoticias.com.br\/se\/wp-content\/uploads\/2022\/07\/Homem-que-foi-assassinado-SE-Noticias.jpg\" alt=\"\" class=\"wp-image-133194\" srcset=\"https:\/\/senoticias.com.br\/se\/wp-content\/uploads\/2022\/07\/Homem-que-foi-assassinado-SE-Noticias.jpg 575w, https:\/\/senoticias.com.br\/se\/wp-content\/uploads\/2022\/07\/Homem-que-foi-assassinado-SE-Noticias-300x197.jpg 300w, https:\/\/senoticias.com.br\/se\/wp-content\/uploads\/2022\/07\/Homem-que-foi-assassinado-SE-Noticias-90x60.jpg 90w\" sizes=\"(max-width: 575px) 100vw, 575px\" \/><figcaption>Denisson Marques Melo, morreu ap\u00f3s se envolver em uma confus\u00e3o iniciada por outras pessoas &#8211; Foto: redes sociais<\/figcaption><\/figure>\n\n\n\n<p>De acordo com as informa\u00e7\u00f5es policiais, a v\u00edtima foi atingida por um objeto cortante no pesco\u00e7o e n\u00e3o resistiu ao ferimento. Denisson Marques Melo empres\u00e1rio do ramo de festas na cidade de Japoat\u00e3 (SE).<\/p>\n\n\n\n<p>O autor do crime foi preso na casa dos pais, no bairro Santa Maria, em Aracaju. Ele foi encaminhado ao Centro de Opera\u00e7\u00f5es Policiais Especiais (Cope) onde ficou custodiado para ser transferido para a Delegacia de Capela. A Pol\u00edcia Civil continua as investiga\u00e7\u00f5es sobre o homic\u00eddio.<\/p>\n\n\n\n<p><strong><em>Acompanhe tamb\u00e9m o SE Not\u00edcias no\u00a0<a rel=\"noreferrer noopener\" href=\"https:\/\/twitter.com\/Senoticias\" target=\"_blank\">Twitter<\/a>,\u00a0<a rel=\"noreferrer noopener\" href=\"https:\/\/www.facebook.com\/senoticias1\" target=\"_blank\">Facebook<\/a>\u00a0e no\u00a0<a rel=\"noreferrer noopener\" href=\"https:\/\/www.instagram.com\/senoticias\/\" target=\"_blank\">Instagram<\/a><\/em><\/strong><\/p>\n\n\n\n<p>Fonte: PM\/SE<\/p>\n","protected":false},"excerpt":{"rendered":"<p>Equipes do Comando do Policiamento Militar do Interior (CPMI) prenderam em flagrante Pablo Alexandre Cerqueira Santos, 25, apontado como o autor do homic\u00eddio do empres\u00e1rio Denisson Marques Melo, de 38 anos, que morreu ap\u00f3s se envolver em uma confus\u00e3o iniciada por outras pessoas. Ele foi atingido por uma garrafa no pesco\u00e7o e n\u00e3o resistiu aos [&hellip;]<\/p>\n","protected":false},"author":6557,"featured_media":0,"comment_status":"closed","ping_status":"closed","sticky":false,"template":"","format":"standard","meta":{"footnotes":""},"categories":[15,7,1],"tags":[978,10269,12149],"class_list":{"0":"post-133192","1":"post","2":"type-post","3":"status-publish","4":"format-standard","6":"category-destaques","7":"category-policia","8":"category-sem-categoria","9":"tag-capela","10":"tag-festa-do-mastro","11":"tag-violencia-em-capela"},"_links":{"self":[{"href":"https:\/\/senoticias.com.br\/se\/wp-json\/wp\/v2\/posts\/133192"}],"collection":[{"href":"https:\/\/senoticias.com.br\/se\/wp-json\/wp\/v2\/posts"}],"about":[{"href":"https:\/\/senoticias.com.br\/se\/wp-json\/wp\/v2\/types\/post"}],"author":[{"embeddable":true,"href":"https:\/\/senoticias.com.br\/se\/wp-json\/wp\/v2\/users\/6557"}],"replies":[{"embeddable":true,"href":"https:\/\/senoticias.com.br\/se\/wp-json\/wp\/v2\/comments?post=133192"}],"version-history":[{"count":0,"href":"https:\/\/senoticias.com.br\/se\/wp-json\/wp\/v2\/posts\/133192\/revisions"}],"wp:attachment":[{"href":"https:\/\/senoticias.com.br\/se\/wp-json\/wp\/v2\/media?parent=133192"}],"wp:term":[{"taxonomy":"category","embeddable":true,"href":"https:\/\/senoticias.com.br\/se\/wp-json\/wp\/v2\/categories?post=133192"},{"taxonomy":"post_tag","embeddable":true,"href":"https:\/\/senoticias.com.br\/se\/wp-json\/wp\/v2\/tags?post=133192"}],"curies":[{"name":"wp","href":"https:\/\/api.w.org\/{rel}","templated":true}]}}