{"id":133186,"date":"2022-07-03T16:02:35","date_gmt":"2022-07-03T19:02:35","guid":{"rendered":"https:\/\/senoticias.com.br\/se\/?p=133186"},"modified":"2022-07-03T16:19:58","modified_gmt":"2022-07-03T19:19:58","slug":"133186-2","status":"publish","type":"post","link":"https:\/\/senoticias.com.br\/se\/133186-2\/","title":{"rendered":"Alvo de bloqueio do MEC, UFS restringe uso de ar-condicionado para conten\u00e7\u00e3o de despesas"},"content":{"rendered":"\n<p><\/p>\n\n\n\n<p>Com parte do seu or\u00e7amento para despesas bloqueada, a Universidade Federal de Sergipe (UFS) anunciou a ado\u00e7\u00e3o de uma s\u00e9rie de medidas que visam reduzir o custeio da institui\u00e7\u00e3o. Uma delas \u00e9 a restri\u00e7\u00e3o do uso de aparelhos de ar-condicionado em todos os campi e unidades da universidade nos tr\u00eas turnos do dia, incluindo as unidades acad\u00eamicas e administrativas.<\/p>\n\n\n\n<figure class=\"wp-block-image size-large\"><img loading=\"lazy\" decoding=\"async\" width=\"599\" height=\"360\" src=\"https:\/\/senoticias.com.br\/se\/wp-content\/uploads\/2016\/10\/UFS-SE-Noticias-e1477179609293.jpeg\" alt=\"\" class=\"wp-image-97276\"\/><figcaption> Segundo a nota da UFS, a medida ser\u00e1 v\u00e1lida enquanto durar o per\u00edodo de restri\u00e7\u00e3o or\u00e7ament\u00e1ria &#8211; Foto: ascom\/UFS<\/figcaption><\/figure>\n\n\n\n<p>Essa e outras medidas foram anunciadas em nota, divulgada pela universidade na sexta-feira, 1\u00ba. Confira a nota abaixo.<\/p>\n\n\n\n<p>Por conta do agravamento da situa\u00e7\u00e3o or\u00e7ament\u00e1ria decorrente do bloqueio e cortes de recursos do or\u00e7amento da Universidade Federal de Sergipe (UFS), a institui\u00e7\u00e3o publicou normativa que estabelece medidas de conten\u00e7\u00e3o de despesa de energia el\u00e9trica, por meio da determina\u00e7\u00e3o do desligamento dos equipamentos de ar-condicionado. A Portaria N\u00ba 676\/2022\/GR entra em vigor na pr\u00f3xima segunda-feira (04) e ser\u00e1 v\u00e1lida enquanto durar a situa\u00e7\u00e3o de restri\u00e7\u00e3o or\u00e7ament\u00e1ria.<\/p>\n\n\n\n<p>Com o documento, fica restrito o uso do ar-condicionado em todos os campi e unidades da universidade nos tr\u00eas turnos do dia, incluindo as unidades acad\u00eamicas e administrativas. Para minimizar os efeitos da falta de climatiza\u00e7\u00e3o, as janelas e portas das salas de aula, quando poss\u00edvel, dever\u00e3o ser mantidas abertas.<\/p>\n\n\n\n<p>Em ambientes onde a climatiza\u00e7\u00e3o for indispens\u00e1vel, uma comunica\u00e7\u00e3o oficial dever\u00e1 ser mantida junto \u00e0 Superintend\u00eancia de Infraestrutura (InfraUFS) para uso dos aparelhos. A libera\u00e7\u00e3o aplica-se, por exemplo, \u00e0 preserva\u00e7\u00e3o equipamentos em laborat\u00f3rios, acervo bibliogr\u00e1fico, restaurantes universit\u00e1rios, entre outros.<\/p>\n\n\n\n<p>Outra exce\u00e7\u00e3o diz respeito a unidades administrativas onde n\u00e3o seja seja poss\u00edvel a ventila\u00e7\u00e3o natural, por\u00e9m com limita\u00e7\u00e3o de hor\u00e1rio. &#8220;Fica terminantemente proibido o uso de equipamentos de ar-condicionado no hor\u00e1rio das 17h at\u00e9 21h, por se tratar de hor\u00e1rio de ponta, no qual a tarifa de energia \u00e9 cinco vezes superior aos demais hor\u00e1rios&#8221;, informa a portaria.<\/p>\n\n\n\n<p>A Portaria N\u00ba 676\/2022\/GR indica ainda o desligamento das l\u00e2mpadas ap\u00f3s o t\u00e9rmino de aulas e redu\u00e7\u00e3o do n\u00famero de l\u00e2mpadas ligadas nos corredores das did\u00e1ticas, ambientes de docentes e setores administrativos como medida de conscientiza\u00e7\u00e3o e racionaliza\u00e7\u00e3o do consumo de energia.<\/p>\n\n\n\n<p><strong><em>Acompanhe tamb\u00e9m o SE Not\u00edcias no\u00a0<a rel=\"noreferrer noopener\" href=\"https:\/\/twitter.com\/Senoticias\" target=\"_blank\">Twitter<\/a>,\u00a0<a rel=\"noreferrer noopener\" href=\"https:\/\/www.facebook.com\/senoticias1\" target=\"_blank\">Facebook<\/a>\u00a0e no\u00a0<a rel=\"noreferrer noopener\" href=\"https:\/\/www.instagram.com\/senoticias\/\" target=\"_blank\">Instagram<\/a><\/em><\/strong><\/p>\n\n\n\n<p>Reda\u00e7\u00e3o, com informa\u00e7\u00f5es da ascom\/UFS<\/p>\n","protected":false},"excerpt":{"rendered":"<p>Com parte do seu or\u00e7amento para despesas bloqueada, a Universidade Federal de Sergipe (UFS) anunciou a ado\u00e7\u00e3o de uma s\u00e9rie de medidas que visam reduzir o custeio da institui\u00e7\u00e3o. Uma delas \u00e9 a restri\u00e7\u00e3o do uso de aparelhos de ar-condicionado em todos os campi e unidades da universidade nos tr\u00eas turnos do dia, incluindo as [&hellip;]<\/p>\n","protected":false},"author":6557,"featured_media":0,"comment_status":"closed","ping_status":"closed","sticky":false,"template":"","format":"standard","meta":{"footnotes":""},"categories":[15,6,1],"tags":[36864,36863,2299],"class_list":{"0":"post-133186","1":"post","2":"type-post","3":"status-publish","4":"format-standard","6":"category-destaques","7":"category-politica","8":"category-sem-categoria","9":"tag-bloqueio-do-mec","10":"tag-contencao-de-despesas","11":"tag-ufs"},"_links":{"self":[{"href":"https:\/\/senoticias.com.br\/se\/wp-json\/wp\/v2\/posts\/133186"}],"collection":[{"href":"https:\/\/senoticias.com.br\/se\/wp-json\/wp\/v2\/posts"}],"about":[{"href":"https:\/\/senoticias.com.br\/se\/wp-json\/wp\/v2\/types\/post"}],"author":[{"embeddable":true,"href":"https:\/\/senoticias.com.br\/se\/wp-json\/wp\/v2\/users\/6557"}],"replies":[{"embeddable":true,"href":"https:\/\/senoticias.com.br\/se\/wp-json\/wp\/v2\/comments?post=133186"}],"version-history":[{"count":0,"href":"https:\/\/senoticias.com.br\/se\/wp-json\/wp\/v2\/posts\/133186\/revisions"}],"wp:attachment":[{"href":"https:\/\/senoticias.com.br\/se\/wp-json\/wp\/v2\/media?parent=133186"}],"wp:term":[{"taxonomy":"category","embeddable":true,"href":"https:\/\/senoticias.com.br\/se\/wp-json\/wp\/v2\/categories?post=133186"},{"taxonomy":"post_tag","embeddable":true,"href":"https:\/\/senoticias.com.br\/se\/wp-json\/wp\/v2\/tags?post=133186"}],"curies":[{"name":"wp","href":"https:\/\/api.w.org\/{rel}","templated":true}]}}