{"id":133180,"date":"2022-07-01T14:03:41","date_gmt":"2022-07-01T17:03:41","guid":{"rendered":"https:\/\/senoticias.com.br\/se\/?p=133180"},"modified":"2022-07-01T20:48:46","modified_gmt":"2022-07-01T23:48:46","slug":"pesquisa-aponta-preferencia-dos-sergipanos-pela-delegada-danielle-garcia-para-o-senado","status":"publish","type":"post","link":"https:\/\/senoticias.com.br\/se\/pesquisa-aponta-preferencia-dos-sergipanos-pela-delegada-danielle-garcia-para-o-senado\/","title":{"rendered":"Pesquisa aponta prefer\u00eancia dos sergipanos pela delegada Danielle Garcia para o Senado"},"content":{"rendered":"\n<p>Dados coletados pelo Instituto Fran\u00e7a e divulgados nesta sexta-feira (1\u00ba) mostram a delegada Danielle Garcia (Podemos) liderando a disputa do Senado em Sergipe nos dois cen\u00e1rios apresentados. Segundo a pesquisa, registrada no Tribunal Superior Eleitoral &#8211; TSE com o n\u00famero SE-05378\/2022, a pr\u00e9-candidata aparece obteve 5,7% da prefer\u00eancia dos sergipanos na espont\u00e2nea, enquanto na induzida o percentual foi de 20,8%.<\/p>\n\n\n\n<figure class=\"wp-block-image size-large\"><img loading=\"lazy\" decoding=\"async\" width=\"1024\" height=\"693\" src=\"https:\/\/senoticias.com.br\/se\/wp-content\/uploads\/2022\/07\/WhatsApp-Image-2022-07-01-at-12.23.31-1024x693.jpeg\" alt=\"\" class=\"wp-image-133181\"\/><figcaption> Delegada Danielle Garcia \u00e9 pr\u00e9-candidata ao Senado &#8211; Foto: ascom\/divulga\u00e7\u00e3o <\/figcaption><\/figure>\n\n\n\n<p>&#8220;Essa \u00e9 mais uma pesquisa de inten\u00e7\u00e3o de votos em que apare\u00e7o liderando nos dois cen\u00e1rios para o Senado. Fico feliz com isso, mas sigo trabalhando com muita humildade e tratando os n\u00fameros como uma demonstra\u00e7\u00e3o de que estamos no caminho certo e que o nosso projeto de mudan\u00e7a para Sergipe tem sido abra\u00e7ado pelos cidad\u00e3os&#8221;, afirma a pr\u00e9-candidata ao Senado.<\/p>\n\n\n\n<p>Danielle Garcia ressalta que segue focada e vai intensificar as a\u00e7\u00f5es de fortalecimento de sua pr\u00e9-candidatura. &#8220;Caminhando cada vez mais por Sergipe para dialogar com os cidad\u00e3os e ouvir seus anseios. Al\u00e9m disso, continuamos defendendo as pautas de interesse do nosso estado e cobrando a solu\u00e7\u00e3o dos in\u00fameros problemas. Junto com os sergipanos, podemos fazer mais por Sergipe&#8221;, salienta a delegada Danielle.<\/p>\n\n\n\n<p><strong>Dados da Pesquisa<\/strong><\/p>\n\n\n\n<p>No cen\u00e1rio espont\u00e2neo, os n\u00fameros s\u00e3o: Delegada Danielle Garcia (5,7%); Valadares Filho (4,4%); Eduardo Amorim (4,2%); Jackson Barreto (3,0%); La\u00e9rcio Oliveira (2,2%); Mendon\u00e7a Prado (0,7%); Luiz\u00e3o Dona Tramp (0,4%); Airton Costa (0,2%); Henry Clay (0,2%); Adelson Alves (0,1%); N\u00e3o sabe\/Indeciso (62,2%); NH\/Branco\/Nulo (16,7%).<\/p>\n\n\n\n<p>J\u00e1 na induzida o resultado foi o seguinte: Delegada Danielle Garcia (20,8%); Valadares Filho (11,5%); Eduardo Amorim (10,5%); Jackson Barreto (7,9%); La\u00e9rcio Oliveira (5,7%); Mendon\u00e7a Prado (2,1%); Luiz\u00e3o Dona Tramp (1,6%); Adelson Alves (1,5%); Henry Clay (0,9%); Airton Costa (0,4%); NH\/Branco\/Nulo (17,6%); N\u00e3o sabe\/Indeciso (19,5%).<\/p>\n\n\n\n<p><strong><em>Acompanhe tamb\u00e9m o SE Not\u00edcias no\u00a0<a rel=\"noreferrer noopener\" href=\"https:\/\/twitter.com\/Senoticias\" target=\"_blank\">Twitter<\/a>,\u00a0<a rel=\"noreferrer noopener\" href=\"https:\/\/www.facebook.com\/senoticias1\" target=\"_blank\">Facebook<\/a>\u00a0e no\u00a0<a rel=\"noreferrer noopener\" href=\"https:\/\/www.instagram.com\/senoticias\/\" target=\"_blank\">Instagram<\/a><\/em><\/strong><\/p>\n\n\n\n<p>Fonte: ascom\/Daniele Garcia<\/p>\n","protected":false},"excerpt":{"rendered":"<p>Dados coletados pelo Instituto Fran\u00e7a e divulgados nesta sexta-feira (1\u00ba) mostram a delegada Danielle Garcia (Podemos) liderando a disputa do Senado em Sergipe nos dois cen\u00e1rios apresentados. Segundo a pesquisa, registrada no Tribunal Superior Eleitoral &#8211; TSE com o n\u00famero SE-05378\/2022, a pr\u00e9-candidata aparece obteve 5,7% da prefer\u00eancia dos sergipanos na espont\u00e2nea, enquanto na induzida [&hellip;]<\/p>\n","protected":false},"author":6557,"featured_media":0,"comment_status":"closed","ping_status":"closed","sticky":false,"template":"","format":"standard","meta":{"footnotes":""},"categories":[15,6],"tags":[624,12125],"class_list":{"0":"post-133180","1":"post","2":"type-post","3":"status-publish","4":"format-standard","6":"category-destaques","7":"category-politica","8":"tag-delegada-danielle-garcia","9":"tag-eleicoes-2022"},"_links":{"self":[{"href":"https:\/\/senoticias.com.br\/se\/wp-json\/wp\/v2\/posts\/133180"}],"collection":[{"href":"https:\/\/senoticias.com.br\/se\/wp-json\/wp\/v2\/posts"}],"about":[{"href":"https:\/\/senoticias.com.br\/se\/wp-json\/wp\/v2\/types\/post"}],"author":[{"embeddable":true,"href":"https:\/\/senoticias.com.br\/se\/wp-json\/wp\/v2\/users\/6557"}],"replies":[{"embeddable":true,"href":"https:\/\/senoticias.com.br\/se\/wp-json\/wp\/v2\/comments?post=133180"}],"version-history":[{"count":0,"href":"https:\/\/senoticias.com.br\/se\/wp-json\/wp\/v2\/posts\/133180\/revisions"}],"wp:attachment":[{"href":"https:\/\/senoticias.com.br\/se\/wp-json\/wp\/v2\/media?parent=133180"}],"wp:term":[{"taxonomy":"category","embeddable":true,"href":"https:\/\/senoticias.com.br\/se\/wp-json\/wp\/v2\/categories?post=133180"},{"taxonomy":"post_tag","embeddable":true,"href":"https:\/\/senoticias.com.br\/se\/wp-json\/wp\/v2\/tags?post=133180"}],"curies":[{"name":"wp","href":"https:\/\/api.w.org\/{rel}","templated":true}]}}